{"id":12718,"date":"2023-05-08T10:40:17","date_gmt":"2023-05-08T13:40:17","guid":{"rendered":"https:\/\/radiostudiow.com.br\/site\/?p=12718"},"modified":"2025-01-31T15:06:49","modified_gmt":"2025-01-31T18:06:49","slug":"homem-e-preso-por-cumprimento-de-mandado-judicial-em-mallet","status":"publish","type":"post","link":"https:\/\/radiostudiow.com.br\/site\/2023\/05\/08\/homem-e-preso-por-cumprimento-de-mandado-judicial-em-mallet\/","title":{"rendered":"HOMEM \u00c9 PRESO POR CUMPRIMENTO DE MANDADO JUDICIAL EM MALLET"},"content":{"rendered":"\n<figure class=\"wp-block-image size-full\"><img decoding=\"async\" src=\"https:\/\/radiostudiow.com.br\/site\/wp-content\/uploads\/2023\/02\/image-12.png\" alt=\"\" class=\"wp-image-11282\"\/><\/figure>\n\n\n\n<p>A equipe da Pol\u00edcia Militar de Mallet estava em patrulhamento quando abordou um homem, o qual \u00e9 de conhecimento dos policiais, por volta das 11:00 horas desse s\u00e1bado (06).<\/p>\n\n\n\n<p>De acordo com o relat\u00f3rio policial, no sistema consta contra o mesmo um mandado de pris\u00e3o em aberto, expedido pela comarca de Mallet.<\/p>\n\n\n\n<p><a><\/a>Diante dos fatos o homem foi informado do mandado de pris\u00e3o e dado voz de pris\u00e3o, posteriormente foi deslocado at\u00e9 o Depen de Uni\u00e3o da Vit\u00f3ria para os demais procedimentos.<\/p>\n","protected":false},"excerpt":{"rendered":"<p>A equipe da Pol\u00edcia Militar de Mallet estava em patrulhamento quando abordou um homem, o qual \u00e9 de conhecimento dos policiais, por volta das 11:00 horas desse s\u00e1bado (06). De acordo com o relat\u00f3rio policial, no sistema consta contra o mesmo um mandado de pris\u00e3o em aberto, expedido pela comarca de Mallet. Diante dos fatos [&hellip;]<\/p>\n","protected":false},"author":2,"featured_media":12720,"comment_status":"open","ping_status":"open","sticky":false,"template":"","format":"standard","meta":{"footnotes":""},"categories":[2],"tags":[172],"class_list":["post-12718","post","type-post","status-publish","format-standard","has-post-thumbnail","hentry","category-policial","tag-featured"],"amp_enabled":true,"_links":{"self":[{"href":"https:\/\/radiostudiow.com.br\/site\/wp-json\/wp\/v2\/posts\/12718","targetHints":{"allow":["GET"]}}],"collection":[{"href":"https:\/\/radiostudiow.com.br\/site\/wp-json\/wp\/v2\/posts"}],"about":[{"href":"https:\/\/radiostudiow.com.br\/site\/wp-json\/wp\/v2\/types\/post"}],"author":[{"embeddable":true,"href":"https:\/\/radiostudiow.com.br\/site\/wp-json\/wp\/v2\/users\/2"}],"replies":[{"embeddable":true,"href":"https:\/\/radiostudiow.com.br\/site\/wp-json\/wp\/v2\/comments?post=12718"}],"version-history":[{"count":1,"href":"https:\/\/radiostudiow.com.br\/site\/wp-json\/wp\/v2\/posts\/12718\/revisions"}],"predecessor-version":[{"id":12721,"href":"https:\/\/radiostudiow.com.br\/site\/wp-json\/wp\/v2\/posts\/12718\/revisions\/12721"}],"wp:featuredmedia":[{"embeddable":true,"href":"https:\/\/radiostudiow.com.br\/site\/wp-json\/wp\/v2\/media\/12720"}],"wp:attachment":[{"href":"https:\/\/radiostudiow.com.br\/site\/wp-json\/wp\/v2\/media?parent=12718"}],"wp:term":[{"taxonomy":"category","embeddable":true,"href":"https:\/\/radiostudiow.com.br\/site\/wp-json\/wp\/v2\/categories?post=12718"},{"taxonomy":"post_tag","embeddable":true,"href":"https:\/\/radiostudiow.com.br\/site\/wp-json\/wp\/v2\/tags?post=12718"}],"curies":[{"name":"wp","href":"https:\/\/api.w.org\/{rel}","templated":true}]}}