{"id":12722,"date":"2023-05-08T11:07:09","date_gmt":"2023-05-08T14:07:09","guid":{"rendered":"https:\/\/radiostudiow.com.br\/site\/?p=12722"},"modified":"2025-01-31T15:06:49","modified_gmt":"2025-01-31T18:06:49","slug":"crianca-de-dois-anos-morre-atropelada-por-motorista-embriagado-em-imbituva","status":"publish","type":"post","link":"https:\/\/radiostudiow.com.br\/site\/2023\/05\/08\/crianca-de-dois-anos-morre-atropelada-por-motorista-embriagado-em-imbituva\/","title":{"rendered":"CRIAN\u00c7A DE DOIS ANOS MORRE ATROPELADA POR MOTORISTA EMBRIAGADO EM IMBITUVA\u00a0"},"content":{"rendered":"\n<p><strong><em>O autor havia consumido bebida alc\u00f3olica e n\u00e3o tinha habilita\u00e7\u00e3o, ele foi\u00a0preso.<\/em><\/strong>\u00a0<\/p>\n\n\n\n<figure class=\"wp-block-image size-full\"><img decoding=\"async\" src=\"https:\/\/radiostudiow.com.br\/site\/wp-content\/uploads\/2023\/05\/image.png\" alt=\"\" class=\"wp-image-12658\"\/><\/figure>\n\n\n\n<p>Um grav\u00edssimo acidente de tr\u00e2nsito chocou a cidade de Imbituva na Vila Brasil por volta das 16:00 horas deste domingo (07).&nbsp;<\/p>\n\n\n\n<p>Um jovem de 24 anos que estava embriagado e dirigia sem habilita\u00e7\u00e3o atropelou e matou uma crian\u00e7a de dois anos. A v\u00edtima foi identificada, se tratando de Antony Jos\u00e9 Ferreira de dois anos e cinco meses.&nbsp;<\/p>\n\n\n\n<p>A equipe da Pol\u00edcia Militar foi acionada para prestar apoio \u00e0 equipe m\u00e9dica no Pronto Atendimento municipal, onde uma crian\u00e7a teria dado entrada v\u00edtima de um atropelamento.&nbsp;<\/p>\n\n\n\n<p>No pronto atendimento os policiais conversaram com o m\u00e9dico de plant\u00e3o, o qual relatou que uma crian\u00e7a j\u00e1 teria dado entrada sem sinais vitais. A equipe m\u00e9dica tentou reanimar a crian\u00e7a, mas sem sucesso.&nbsp;<\/p>\n\n\n\n<p>Ap\u00f3s os policiais conversarem com os familiares da v\u00edtima, se deslocaram at\u00e9 o endere\u00e7o do atropelamento na sequ\u00eancia foi deslocado at\u00e9 a resid\u00eancia do autor onde foi localizado o ve\u00edculo.&nbsp;<\/p>\n\n\n\n<p>O jovem relatou para equipe que perdeu o controle da dire\u00e7\u00e3o e n\u00e3o conseguiu frear devido ao ve\u00edculo apresentar problemas mec\u00e2nico. Encaminhado autor para o Terceiro Pelot\u00e3o para a realiza\u00e7\u00e3o exame do baf\u00f4metro, onde acusou 0,48mg\/l, dado voz de pris\u00e3o pelo crime embriaguez.\u00a0<\/p>\n\n\n\n<p>Encaminhado o autor at\u00e9 o pronto atendimento para o laudo de les\u00e3o corporal na sequ\u00eancia entregue na Delegacia de Pol\u00edcia Civil de Irati para procedimentos de pol\u00edcia judici\u00e1ria.\u00a0<\/p>\n\n\n\n<figure class=\"wp-block-image size-large\"><img decoding=\"async\" src=\"https:\/\/radiostudiow.com.br\/site\/wp-content\/uploads\/2023\/03\/333961748_218140324032662_8763106638246866213_n-1024x452.png\" alt=\"\" class=\"wp-image-11670\"\/><\/figure>\n\n\n\n<p>Foi realizado o acionamento do IML para os demais procedimentos. O corpo de Antony Jos\u00e9 Ferreira ser\u00e1 velado na Capela Municipal Imbituvense e seu sepultamento ser\u00e1 hoje, dia 08\/05\/2023 no Cemit\u00e9rio Luterano (hor\u00e1rio a ser designado).\u00a0<\/p>\n\n\n\n<p><em>A equipe da Studio W deseja for\u00e7a aos familiares.\u00a0<\/em><\/p>\n\n\n\n<p><em>Fonte\/Fotos: Arquivo PMPR, Reprodu\u00e7\u00e3o redes sociais e Folha de Irati<\/em><\/p>\n","protected":false},"excerpt":{"rendered":"<p>O autor havia consumido bebida alc\u00f3olica e n\u00e3o tinha habilita\u00e7\u00e3o, ele foi\u00a0preso.\u00a0 Um grav\u00edssimo acidente de tr\u00e2nsito chocou a cidade de Imbituva na Vila Brasil por volta das 16:00 horas deste domingo (07).&nbsp; Um jovem de 24 anos que estava embriagado e dirigia sem habilita\u00e7\u00e3o atropelou e matou uma crian\u00e7a de dois anos. A v\u00edtima [&hellip;]<\/p>\n","protected":false},"author":2,"featured_media":12724,"comment_status":"open","ping_status":"open","sticky":false,"template":"","format":"standard","meta":{"footnotes":""},"categories":[2],"tags":[172],"class_list":["post-12722","post","type-post","status-publish","format-standard","has-post-thumbnail","hentry","category-policial","tag-featured"],"amp_enabled":true,"_links":{"self":[{"href":"https:\/\/radiostudiow.com.br\/site\/wp-json\/wp\/v2\/posts\/12722","targetHints":{"allow":["GET"]}}],"collection":[{"href":"https:\/\/radiostudiow.com.br\/site\/wp-json\/wp\/v2\/posts"}],"about":[{"href":"https:\/\/radiostudiow.com.br\/site\/wp-json\/wp\/v2\/types\/post"}],"author":[{"embeddable":true,"href":"https:\/\/radiostudiow.com.br\/site\/wp-json\/wp\/v2\/users\/2"}],"replies":[{"embeddable":true,"href":"https:\/\/radiostudiow.com.br\/site\/wp-json\/wp\/v2\/comments?post=12722"}],"version-history":[{"count":1,"href":"https:\/\/radiostudiow.com.br\/site\/wp-json\/wp\/v2\/posts\/12722\/revisions"}],"predecessor-version":[{"id":12725,"href":"https:\/\/radiostudiow.com.br\/site\/wp-json\/wp\/v2\/posts\/12722\/revisions\/12725"}],"wp:featuredmedia":[{"embeddable":true,"href":"https:\/\/radiostudiow.com.br\/site\/wp-json\/wp\/v2\/media\/12724"}],"wp:attachment":[{"href":"https:\/\/radiostudiow.com.br\/site\/wp-json\/wp\/v2\/media?parent=12722"}],"wp:term":[{"taxonomy":"category","embeddable":true,"href":"https:\/\/radiostudiow.com.br\/site\/wp-json\/wp\/v2\/categories?post=12722"},{"taxonomy":"post_tag","embeddable":true,"href":"https:\/\/radiostudiow.com.br\/site\/wp-json\/wp\/v2\/tags?post=12722"}],"curies":[{"name":"wp","href":"https:\/\/api.w.org\/{rel}","templated":true}]}}