{"id":12733,"date":"2023-05-09T11:57:44","date_gmt":"2023-05-09T14:57:44","guid":{"rendered":"https:\/\/radiostudiow.com.br\/site\/?p=12733"},"modified":"2025-01-31T15:06:48","modified_gmt":"2025-01-31T18:06:48","slug":"adolescente-e-vitima-de-roubo-enquanto-esperava-onibus-escolar-em-sao-mateus-do-sul","status":"publish","type":"post","link":"https:\/\/radiostudiow.com.br\/site\/2023\/05\/09\/adolescente-e-vitima-de-roubo-enquanto-esperava-onibus-escolar-em-sao-mateus-do-sul\/","title":{"rendered":"ADOLESCENTE \u00c9 V\u00cdTIMA DE ROUBO ENQUANTO ESPERAVA \u00d4NIBUS ESCOLAR EM S\u00c3O MATEUS DO SUL\u00a0"},"content":{"rendered":"\n<figure class=\"wp-block-image size-full\"><img decoding=\"async\" src=\"https:\/\/radiostudiow.com.br\/site\/wp-content\/uploads\/2023\/02\/image-12.png\" alt=\"\" class=\"wp-image-11282\"\/><\/figure>\n\n\n\n<p>A equipe da Pol\u00edcia Militar de S\u00e3o Mateus do Sul registrou mais um roubo de celular nessa semana, uma jovem foi v\u00edtima de um ladr\u00e3o enquanto esperava o \u00f4nibus para o Col\u00e9gio por volta das 06:50 horas dessa segunda-feira (08).<\/p>\n\n\n\n<p>De acordo com as informa\u00e7\u00f5es dos familiares, a aluna de 16 anos estava no ponto de \u00f4nibus pr\u00f3ximo ao posto de sa\u00fade na Vila Bom Jesus quando um rapaz em uma bicicleta a abordou pedindo o celular Moto G 20, haviam mais pessoas pr\u00f3ximas que presenciaram a a\u00e7\u00e3o criminosa.<\/p>\n\n\n\n<figure class=\"wp-block-image size-full\"><img loading=\"lazy\" decoding=\"async\" width=\"768\" height=\"175\" src=\"https:\/\/radiostudiow.com.br\/site\/wp-content\/uploads\/2023\/03\/image-22.png\" alt=\"\" class=\"wp-image-12046\" srcset=\"https:\/\/radiostudiow.com.br\/site\/wp-content\/uploads\/2023\/03\/image-22.png 768w, https:\/\/radiostudiow.com.br\/site\/wp-content\/uploads\/2023\/03\/image-22-300x68.png 300w\" sizes=\"auto, (max-width: 768px) 100vw, 768px\" \/><\/figure>\n\n\n\n<p><em>Na noite de s\u00e1bado e in\u00edcio da madrugada de domingo, mais duas mulheres foram v\u00edtimas de crimes similares, em que um rapaz chega em uma bicicleta e pede o celular da v\u00edtima. As a\u00e7\u00f5es aconteceram no Centro e pr\u00f3ximo ao Posto Tri\u00e2ngulo respectivamente.<\/em><\/p>\n\n\n\n<p>O caso de segunda-feira (8), foi repassado para a Pol\u00edcia Civil que investiga a a\u00e7\u00e3o.<\/p>\n","protected":false},"excerpt":{"rendered":"<p>A equipe da Pol\u00edcia Militar de S\u00e3o Mateus do Sul registrou mais um roubo de celular nessa semana, uma jovem foi v\u00edtima de um ladr\u00e3o enquanto esperava o \u00f4nibus para o Col\u00e9gio por volta das 06:50 horas dessa segunda-feira (08). De acordo com as informa\u00e7\u00f5es dos familiares, a aluna de 16 anos estava no ponto [&hellip;]<\/p>\n","protected":false},"author":2,"featured_media":10652,"comment_status":"open","ping_status":"open","sticky":false,"template":"","format":"standard","meta":{"footnotes":""},"categories":[2],"tags":[172],"class_list":["post-12733","post","type-post","status-publish","format-standard","has-post-thumbnail","hentry","category-policial","tag-featured"],"amp_enabled":true,"_links":{"self":[{"href":"https:\/\/radiostudiow.com.br\/site\/wp-json\/wp\/v2\/posts\/12733","targetHints":{"allow":["GET"]}}],"collection":[{"href":"https:\/\/radiostudiow.com.br\/site\/wp-json\/wp\/v2\/posts"}],"about":[{"href":"https:\/\/radiostudiow.com.br\/site\/wp-json\/wp\/v2\/types\/post"}],"author":[{"embeddable":true,"href":"https:\/\/radiostudiow.com.br\/site\/wp-json\/wp\/v2\/users\/2"}],"replies":[{"embeddable":true,"href":"https:\/\/radiostudiow.com.br\/site\/wp-json\/wp\/v2\/comments?post=12733"}],"version-history":[{"count":1,"href":"https:\/\/radiostudiow.com.br\/site\/wp-json\/wp\/v2\/posts\/12733\/revisions"}],"predecessor-version":[{"id":12734,"href":"https:\/\/radiostudiow.com.br\/site\/wp-json\/wp\/v2\/posts\/12733\/revisions\/12734"}],"wp:featuredmedia":[{"embeddable":true,"href":"https:\/\/radiostudiow.com.br\/site\/wp-json\/wp\/v2\/media\/10652"}],"wp:attachment":[{"href":"https:\/\/radiostudiow.com.br\/site\/wp-json\/wp\/v2\/media?parent=12733"}],"wp:term":[{"taxonomy":"category","embeddable":true,"href":"https:\/\/radiostudiow.com.br\/site\/wp-json\/wp\/v2\/categories?post=12733"},{"taxonomy":"post_tag","embeddable":true,"href":"https:\/\/radiostudiow.com.br\/site\/wp-json\/wp\/v2\/tags?post=12733"}],"curies":[{"name":"wp","href":"https:\/\/api.w.org\/{rel}","templated":true}]}}