{"id":12736,"date":"2023-05-09T17:46:59","date_gmt":"2023-05-09T20:46:59","guid":{"rendered":"https:\/\/radiostudiow.com.br\/site\/?p=12736"},"modified":"2025-01-31T15:06:48","modified_gmt":"2025-01-31T18:06:48","slug":"carro-perde-controle-e-sai-da-pista-na-rodovia-br-153-em-general-carneiro","status":"publish","type":"post","link":"https:\/\/radiostudiow.com.br\/site\/2023\/05\/09\/carro-perde-controle-e-sai-da-pista-na-rodovia-br-153-em-general-carneiro\/","title":{"rendered":"CARRO PERDE CONTROLE E SAI DA PISTA NA RODOVIA BR-153 EM GENERAL CARNEIRO\u00a0"},"content":{"rendered":"\n<p><\/p>\n\n\n\n<figure class=\"wp-block-image size-full\"><img decoding=\"async\" src=\"https:\/\/radiostudiow.com.br\/site\/wp-content\/uploads\/2023\/02\/image-21.png\" alt=\"\" class=\"wp-image-11405\"\/><\/figure>\n\n\n\n<p>A equipe do Corpo de Bombeiros da cidade de General Carneiro atendeu uma ocorr\u00eancia de acidente de tr\u00e2nsito no quil\u00f4metro 486 da rodovia BR-153, nesta segunda-feira (08).&nbsp;<\/p>\n\n\n\n<p>O acidente que ocorreu por volta das 02:10 horas&nbsp;envolveu um ve\u00edculo Fiat\/Cronos Drive de cor vermelha. O motorista perdeu o controle da dire\u00e7\u00e3o e saiu da pista.&nbsp;<\/p>\n\n\n\n<p>N\u00e3o foi divulgado informa\u00e7\u00f5es sobre a v\u00edtima.&nbsp;<\/p>\n","protected":false},"excerpt":{"rendered":"<p>A equipe do Corpo de Bombeiros da cidade de General Carneiro atendeu uma ocorr\u00eancia de acidente de tr\u00e2nsito no quil\u00f4metro 486 da rodovia BR-153, nesta segunda-feira (08).&nbsp; O acidente que ocorreu por volta das 02:10 horas&nbsp;envolveu um ve\u00edculo Fiat\/Cronos Drive de cor vermelha. O motorista perdeu o controle da dire\u00e7\u00e3o e saiu da pista.&nbsp; N\u00e3o [&hellip;]<\/p>\n","protected":false},"author":2,"featured_media":9698,"comment_status":"open","ping_status":"open","sticky":false,"template":"","format":"standard","meta":{"footnotes":""},"categories":[2],"tags":[172],"class_list":["post-12736","post","type-post","status-publish","format-standard","has-post-thumbnail","hentry","category-policial","tag-featured"],"amp_enabled":true,"_links":{"self":[{"href":"https:\/\/radiostudiow.com.br\/site\/wp-json\/wp\/v2\/posts\/12736","targetHints":{"allow":["GET"]}}],"collection":[{"href":"https:\/\/radiostudiow.com.br\/site\/wp-json\/wp\/v2\/posts"}],"about":[{"href":"https:\/\/radiostudiow.com.br\/site\/wp-json\/wp\/v2\/types\/post"}],"author":[{"embeddable":true,"href":"https:\/\/radiostudiow.com.br\/site\/wp-json\/wp\/v2\/users\/2"}],"replies":[{"embeddable":true,"href":"https:\/\/radiostudiow.com.br\/site\/wp-json\/wp\/v2\/comments?post=12736"}],"version-history":[{"count":1,"href":"https:\/\/radiostudiow.com.br\/site\/wp-json\/wp\/v2\/posts\/12736\/revisions"}],"predecessor-version":[{"id":12737,"href":"https:\/\/radiostudiow.com.br\/site\/wp-json\/wp\/v2\/posts\/12736\/revisions\/12737"}],"wp:featuredmedia":[{"embeddable":true,"href":"https:\/\/radiostudiow.com.br\/site\/wp-json\/wp\/v2\/media\/9698"}],"wp:attachment":[{"href":"https:\/\/radiostudiow.com.br\/site\/wp-json\/wp\/v2\/media?parent=12736"}],"wp:term":[{"taxonomy":"category","embeddable":true,"href":"https:\/\/radiostudiow.com.br\/site\/wp-json\/wp\/v2\/categories?post=12736"},{"taxonomy":"post_tag","embeddable":true,"href":"https:\/\/radiostudiow.com.br\/site\/wp-json\/wp\/v2\/tags?post=12736"}],"curies":[{"name":"wp","href":"https:\/\/api.w.org\/{rel}","templated":true}]}}