{"id":12743,"date":"2023-05-10T11:38:02","date_gmt":"2023-05-10T14:38:02","guid":{"rendered":"https:\/\/radiostudiow.com.br\/site\/?p=12743"},"modified":"2025-01-31T15:06:48","modified_gmt":"2025-01-31T18:06:48","slug":"homem-com-mandado-em-seu-desfavor-e-preso-em-mallet","status":"publish","type":"post","link":"https:\/\/radiostudiow.com.br\/site\/2023\/05\/10\/homem-com-mandado-em-seu-desfavor-e-preso-em-mallet\/","title":{"rendered":"HOMEM COM MANDADO EM SEU DESFAVOR \u00c9 PRESO EM MALLET"},"content":{"rendered":"\n<figure class=\"wp-block-image size-full\"><img decoding=\"async\" src=\"https:\/\/radiostudiow.com.br\/site\/wp-content\/uploads\/2023\/05\/image.png\" alt=\"\" class=\"wp-image-12658\"\/><\/figure>\n\n\n\n<p>A equipe da Pol\u00edcia Militar de Mallet recebeu uma den\u00fancia an\u00f4nima por volta das 18:00 horas dessa ter\u00e7a-feira, 09 de maio,&nbsp;informando sobre um caso de descumprimento de mandado judicial.&nbsp;<\/p>\n\n\n\n<p>De acordo com a solicita\u00e7\u00e3o, no semin\u00e1rio de Mallet um homem&nbsp;estaria realizando servi\u00e7os no local e que ele possu\u00eda um mandado de pris\u00e3o em seu desfavor expedido pela comarca de Uni\u00e3o da Vit\u00f3ria.&nbsp;<\/p>\n\n\n\n<p>Diante da situa\u00e7\u00e3o, os policiais se deslocaram at\u00e9 o local, abordado o suspeito, sendo este identificado e confirmado a situa\u00e7\u00e3o via sistema.&nbsp;<\/p>\n\n\n\n<p>Foi dado voz de pris\u00e3o ao indiv\u00edduo e deslocado at\u00e9 o Depen de Uni\u00e3o da Vit\u00f3ria para entrega do preso.&nbsp;<\/p>\n","protected":false},"excerpt":{"rendered":"<p>A equipe da Pol\u00edcia Militar de Mallet recebeu uma den\u00fancia an\u00f4nima por volta das 18:00 horas dessa ter\u00e7a-feira, 09 de maio,&nbsp;informando sobre um caso de descumprimento de mandado judicial.&nbsp; De acordo com a solicita\u00e7\u00e3o, no semin\u00e1rio de Mallet um homem&nbsp;estaria realizando servi\u00e7os no local e que ele possu\u00eda um mandado de pris\u00e3o em seu desfavor [&hellip;]<\/p>\n","protected":false},"author":2,"featured_media":10671,"comment_status":"open","ping_status":"open","sticky":false,"template":"","format":"standard","meta":{"footnotes":""},"categories":[2],"tags":[172],"class_list":["post-12743","post","type-post","status-publish","format-standard","has-post-thumbnail","hentry","category-policial","tag-featured"],"amp_enabled":true,"_links":{"self":[{"href":"https:\/\/radiostudiow.com.br\/site\/wp-json\/wp\/v2\/posts\/12743","targetHints":{"allow":["GET"]}}],"collection":[{"href":"https:\/\/radiostudiow.com.br\/site\/wp-json\/wp\/v2\/posts"}],"about":[{"href":"https:\/\/radiostudiow.com.br\/site\/wp-json\/wp\/v2\/types\/post"}],"author":[{"embeddable":true,"href":"https:\/\/radiostudiow.com.br\/site\/wp-json\/wp\/v2\/users\/2"}],"replies":[{"embeddable":true,"href":"https:\/\/radiostudiow.com.br\/site\/wp-json\/wp\/v2\/comments?post=12743"}],"version-history":[{"count":1,"href":"https:\/\/radiostudiow.com.br\/site\/wp-json\/wp\/v2\/posts\/12743\/revisions"}],"predecessor-version":[{"id":12744,"href":"https:\/\/radiostudiow.com.br\/site\/wp-json\/wp\/v2\/posts\/12743\/revisions\/12744"}],"wp:featuredmedia":[{"embeddable":true,"href":"https:\/\/radiostudiow.com.br\/site\/wp-json\/wp\/v2\/media\/10671"}],"wp:attachment":[{"href":"https:\/\/radiostudiow.com.br\/site\/wp-json\/wp\/v2\/media?parent=12743"}],"wp:term":[{"taxonomy":"category","embeddable":true,"href":"https:\/\/radiostudiow.com.br\/site\/wp-json\/wp\/v2\/categories?post=12743"},{"taxonomy":"post_tag","embeddable":true,"href":"https:\/\/radiostudiow.com.br\/site\/wp-json\/wp\/v2\/tags?post=12743"}],"curies":[{"name":"wp","href":"https:\/\/api.w.org\/{rel}","templated":true}]}}