{"id":12745,"date":"2023-05-10T11:55:16","date_gmt":"2023-05-10T14:55:16","guid":{"rendered":"https:\/\/radiostudiow.com.br\/site\/?p=12745"},"modified":"2025-01-31T15:06:48","modified_gmt":"2025-01-31T18:06:48","slug":"trabalhador-de-36-anos-morre-em-bituruna","status":"publish","type":"post","link":"https:\/\/radiostudiow.com.br\/site\/2023\/05\/10\/trabalhador-de-36-anos-morre-em-bituruna\/","title":{"rendered":"TRABALHADOR DE 36 ANOS MORRE EM BITURUNA\u00a0"},"content":{"rendered":"\n<figure class=\"wp-block-image size-full\"><img decoding=\"async\" src=\"https:\/\/radiostudiow.com.br\/site\/wp-content\/uploads\/2023\/04\/image-12.png\" alt=\"\" class=\"wp-image-12488\"\/><\/figure>\n\n\n\n<p>O homem que morreu v\u00edtima de um acidente de trabalho ocorrido na manh\u00e3 desta ter\u00e7a-feira, 09 de maio, em uma \u00e1rea rural da cidade de Bituruna.\u00a0<\/p>\n\n\n\n<p>O trabalhador se trata de Ademir Ant\u00f4nio dos Santos, 36 anos de idade, natural de Bituruna estava trabalhando no corte de pinus no interior do munic\u00edpio, quando acabou sofrendo o acidente.&nbsp;<\/p>\n\n\n\n<p>Ele n\u00e3o resistiu e morreu ainda no local. Seu corpo ser\u00e1 velado na capela municipal e seu sepultamento est\u00e1 previsto para ocorrer na tarde de quarta-feira, 10 no cemit\u00e9rio municipal.&nbsp;<\/p>\n","protected":false},"excerpt":{"rendered":"<p>O homem que morreu v\u00edtima de um acidente de trabalho ocorrido na manh\u00e3 desta ter\u00e7a-feira, 09 de maio, em uma \u00e1rea rural da cidade de Bituruna.\u00a0 O trabalhador se trata de Ademir Ant\u00f4nio dos Santos, 36 anos de idade, natural de Bituruna estava trabalhando no corte de pinus no interior do munic\u00edpio, quando acabou sofrendo [&hellip;]<\/p>\n","protected":false},"author":2,"featured_media":12746,"comment_status":"open","ping_status":"open","sticky":false,"template":"","format":"standard","meta":{"footnotes":""},"categories":[2],"tags":[172],"class_list":["post-12745","post","type-post","status-publish","format-standard","has-post-thumbnail","hentry","category-policial","tag-featured"],"amp_enabled":true,"_links":{"self":[{"href":"https:\/\/radiostudiow.com.br\/site\/wp-json\/wp\/v2\/posts\/12745","targetHints":{"allow":["GET"]}}],"collection":[{"href":"https:\/\/radiostudiow.com.br\/site\/wp-json\/wp\/v2\/posts"}],"about":[{"href":"https:\/\/radiostudiow.com.br\/site\/wp-json\/wp\/v2\/types\/post"}],"author":[{"embeddable":true,"href":"https:\/\/radiostudiow.com.br\/site\/wp-json\/wp\/v2\/users\/2"}],"replies":[{"embeddable":true,"href":"https:\/\/radiostudiow.com.br\/site\/wp-json\/wp\/v2\/comments?post=12745"}],"version-history":[{"count":1,"href":"https:\/\/radiostudiow.com.br\/site\/wp-json\/wp\/v2\/posts\/12745\/revisions"}],"predecessor-version":[{"id":12747,"href":"https:\/\/radiostudiow.com.br\/site\/wp-json\/wp\/v2\/posts\/12745\/revisions\/12747"}],"wp:featuredmedia":[{"embeddable":true,"href":"https:\/\/radiostudiow.com.br\/site\/wp-json\/wp\/v2\/media\/12746"}],"wp:attachment":[{"href":"https:\/\/radiostudiow.com.br\/site\/wp-json\/wp\/v2\/media?parent=12745"}],"wp:term":[{"taxonomy":"category","embeddable":true,"href":"https:\/\/radiostudiow.com.br\/site\/wp-json\/wp\/v2\/categories?post=12745"},{"taxonomy":"post_tag","embeddable":true,"href":"https:\/\/radiostudiow.com.br\/site\/wp-json\/wp\/v2\/tags?post=12745"}],"curies":[{"name":"wp","href":"https:\/\/api.w.org\/{rel}","templated":true}]}}