{"id":12748,"date":"2023-05-10T17:26:32","date_gmt":"2023-05-10T20:26:32","guid":{"rendered":"https:\/\/radiostudiow.com.br\/site\/?p=12748"},"modified":"2025-01-31T15:06:48","modified_gmt":"2025-01-31T18:06:48","slug":"homem-com-mandado-de-prisao-por-roubo-e-preso-em-uniao-da-vitoria","status":"publish","type":"post","link":"https:\/\/radiostudiow.com.br\/site\/2023\/05\/10\/homem-com-mandado-de-prisao-por-roubo-e-preso-em-uniao-da-vitoria\/","title":{"rendered":"HOMEM COM MANDADO DE PRIS\u00c3O POR ROUBO \u00c9 PRESO EM UNI\u00c3O DA VIT\u00d3RIA\u00a0"},"content":{"rendered":"\n<figure class=\"wp-block-image size-large\"><img decoding=\"async\" src=\"https:\/\/radiostudiow.com.br\/site\/wp-content\/uploads\/2023\/05\/345906960_810744057310470_2509829341942500732_n-1024x453.png\" alt=\"\" class=\"wp-image-12749\"\/><\/figure>\n\n\n\n<p>A Pol\u00edcia Militar do 27\u00ba Batalh\u00e3o de Uni\u00e3o da Vit\u00f3ria esteve cumprindo um mandado de pris\u00e3o contra um homem por volta das 17:00 horas dessa segunda-feira (08).&nbsp;<\/p>\n\n\n\n<p>A&nbsp;abordagem aconteceu durante o patrulhamento da equipe policial na \u00e1rea central. O suspeito n\u00e3o teve a identidade divulgada, ele tinha em seu desfavor um mandado pelo crime de roubo.&nbsp;<\/p>\n\n\n\n<p>O autor recebeu voz de pris\u00e3o e foi conduzido at\u00e9 o Departamento Penitenci\u00e1rio \u2013 DEPEN de Uni\u00e3o da Vit\u00f3ria, ficando \u00e0 disposi\u00e7\u00e3o da justi\u00e7a.&nbsp;<\/p>\n","protected":false},"excerpt":{"rendered":"<p>A Pol\u00edcia Militar do 27\u00ba Batalh\u00e3o de Uni\u00e3o da Vit\u00f3ria esteve cumprindo um mandado de pris\u00e3o contra um homem por volta das 17:00 horas dessa segunda-feira (08).&nbsp; A&nbsp;abordagem aconteceu durante o patrulhamento da equipe policial na \u00e1rea central. O suspeito n\u00e3o teve a identidade divulgada, ele tinha em seu desfavor um mandado pelo crime de [&hellip;]<\/p>\n","protected":false},"author":2,"featured_media":10820,"comment_status":"open","ping_status":"open","sticky":false,"template":"","format":"standard","meta":{"footnotes":""},"categories":[2],"tags":[172],"class_list":["post-12748","post","type-post","status-publish","format-standard","has-post-thumbnail","hentry","category-policial","tag-featured"],"amp_enabled":true,"_links":{"self":[{"href":"https:\/\/radiostudiow.com.br\/site\/wp-json\/wp\/v2\/posts\/12748","targetHints":{"allow":["GET"]}}],"collection":[{"href":"https:\/\/radiostudiow.com.br\/site\/wp-json\/wp\/v2\/posts"}],"about":[{"href":"https:\/\/radiostudiow.com.br\/site\/wp-json\/wp\/v2\/types\/post"}],"author":[{"embeddable":true,"href":"https:\/\/radiostudiow.com.br\/site\/wp-json\/wp\/v2\/users\/2"}],"replies":[{"embeddable":true,"href":"https:\/\/radiostudiow.com.br\/site\/wp-json\/wp\/v2\/comments?post=12748"}],"version-history":[{"count":1,"href":"https:\/\/radiostudiow.com.br\/site\/wp-json\/wp\/v2\/posts\/12748\/revisions"}],"predecessor-version":[{"id":12750,"href":"https:\/\/radiostudiow.com.br\/site\/wp-json\/wp\/v2\/posts\/12748\/revisions\/12750"}],"wp:featuredmedia":[{"embeddable":true,"href":"https:\/\/radiostudiow.com.br\/site\/wp-json\/wp\/v2\/media\/10820"}],"wp:attachment":[{"href":"https:\/\/radiostudiow.com.br\/site\/wp-json\/wp\/v2\/media?parent=12748"}],"wp:term":[{"taxonomy":"category","embeddable":true,"href":"https:\/\/radiostudiow.com.br\/site\/wp-json\/wp\/v2\/categories?post=12748"},{"taxonomy":"post_tag","embeddable":true,"href":"https:\/\/radiostudiow.com.br\/site\/wp-json\/wp\/v2\/tags?post=12748"}],"curies":[{"name":"wp","href":"https:\/\/api.w.org\/{rel}","templated":true}]}}