{"id":12760,"date":"2023-05-11T11:25:03","date_gmt":"2023-05-11T14:25:03","guid":{"rendered":"https:\/\/radiostudiow.com.br\/site\/?p=12760"},"modified":"2025-01-31T15:06:48","modified_gmt":"2025-01-31T18:06:48","slug":"suspeitos-de-estelionato-em-mallet-sao-abordados-em-uniao-da-vitoria","status":"publish","type":"post","link":"https:\/\/radiostudiow.com.br\/site\/2023\/05\/11\/suspeitos-de-estelionato-em-mallet-sao-abordados-em-uniao-da-vitoria\/","title":{"rendered":"SUSPEITOS DE ESTELIONATO EM MALLET S\u00c3O ABORDADOS EM UNI\u00c3O DA VIT\u00d3RIA\u00a0"},"content":{"rendered":"\n<p><strong><em>Os policiais tomaram conhecimento de ve\u00edculo envolvido em situa\u00e7\u00e3o de estelionato, a equipe encontraram com os abordados o valor total de R$ 5.496,80.<\/em><\/strong><\/p>\n\n\n\n<figure class=\"wp-block-image size-full\"><img decoding=\"async\" src=\"https:\/\/radiostudiow.com.br\/site\/wp-content\/uploads\/2023\/02\/image-12.png\" alt=\"\" class=\"wp-image-11282\"\/><\/figure>\n\n\n\n<p>A equipe da Pol\u00edcia Militar de Uni\u00e3o da Vit\u00f3ria tomou conhecimento de ve\u00edculo envolvido em situa\u00e7\u00e3o de estelionato no munic\u00edpio de Mallet. Situa\u00e7\u00e3o registrada por volta das 14:45 horas dessa ter\u00e7a-feira (10).&nbsp;<\/p>\n\n\n\n<p>Os policiais realizaram a abordagem ao ve\u00edculo na localidade de Nossa Senhora das Gra\u00e7as,\u00a0realizada a busca pessoal e veicular, foi encontrado com os abordados o valor total de R$ 5.496,80 (Cinco mil e quatrocentos e noventa e seis reais e oitenta centavos).\u00a0<\/p>\n\n\n\n<p>Os policiais indagaram os abordados quanto aos seus destinos, n\u00e3o souberam precisar de forma convincente, inclusive omitindo o fato de terem estado no munic\u00edpio de Mallet.&nbsp;<\/p>\n\n\n\n<p>Diante do exposto, os abordados, autores do crime referente ao boletim de ocorr\u00eancia registrado na cidade de Mallet, juntamente com o ve\u00edculo foram encaminhados at\u00e9 a 4\u00aa SDP de Uni\u00e3o da Vit\u00f3ria para aprecia\u00e7\u00e3o da autoridade policial&nbsp;<\/p>\n","protected":false},"excerpt":{"rendered":"<p>Os policiais tomaram conhecimento de ve\u00edculo envolvido em situa\u00e7\u00e3o de estelionato, a equipe encontraram com os abordados o valor total de R$ 5.496,80. A equipe da Pol\u00edcia Militar de Uni\u00e3o da Vit\u00f3ria tomou conhecimento de ve\u00edculo envolvido em situa\u00e7\u00e3o de estelionato no munic\u00edpio de Mallet. Situa\u00e7\u00e3o registrada por volta das 14:45 horas dessa ter\u00e7a-feira (10).&nbsp; [&hellip;]<\/p>\n","protected":false},"author":2,"featured_media":12363,"comment_status":"open","ping_status":"open","sticky":false,"template":"","format":"standard","meta":{"footnotes":""},"categories":[2],"tags":[172],"class_list":["post-12760","post","type-post","status-publish","format-standard","has-post-thumbnail","hentry","category-policial","tag-featured"],"amp_enabled":true,"_links":{"self":[{"href":"https:\/\/radiostudiow.com.br\/site\/wp-json\/wp\/v2\/posts\/12760","targetHints":{"allow":["GET"]}}],"collection":[{"href":"https:\/\/radiostudiow.com.br\/site\/wp-json\/wp\/v2\/posts"}],"about":[{"href":"https:\/\/radiostudiow.com.br\/site\/wp-json\/wp\/v2\/types\/post"}],"author":[{"embeddable":true,"href":"https:\/\/radiostudiow.com.br\/site\/wp-json\/wp\/v2\/users\/2"}],"replies":[{"embeddable":true,"href":"https:\/\/radiostudiow.com.br\/site\/wp-json\/wp\/v2\/comments?post=12760"}],"version-history":[{"count":2,"href":"https:\/\/radiostudiow.com.br\/site\/wp-json\/wp\/v2\/posts\/12760\/revisions"}],"predecessor-version":[{"id":12763,"href":"https:\/\/radiostudiow.com.br\/site\/wp-json\/wp\/v2\/posts\/12760\/revisions\/12763"}],"wp:featuredmedia":[{"embeddable":true,"href":"https:\/\/radiostudiow.com.br\/site\/wp-json\/wp\/v2\/media\/12363"}],"wp:attachment":[{"href":"https:\/\/radiostudiow.com.br\/site\/wp-json\/wp\/v2\/media?parent=12760"}],"wp:term":[{"taxonomy":"category","embeddable":true,"href":"https:\/\/radiostudiow.com.br\/site\/wp-json\/wp\/v2\/categories?post=12760"},{"taxonomy":"post_tag","embeddable":true,"href":"https:\/\/radiostudiow.com.br\/site\/wp-json\/wp\/v2\/tags?post=12760"}],"curies":[{"name":"wp","href":"https:\/\/api.w.org\/{rel}","templated":true}]}}