{"id":12764,"date":"2023-05-11T18:11:42","date_gmt":"2023-05-11T21:11:42","guid":{"rendered":"https:\/\/radiostudiow.com.br\/site\/?p=12764"},"modified":"2025-01-31T15:06:48","modified_gmt":"2025-01-31T18:06:48","slug":"pre-e-samu-sao-acionados-apos-veiculo-sair-de-pista-na-pr-151-em-sao-joao-do-triunfo","status":"publish","type":"post","link":"https:\/\/radiostudiow.com.br\/site\/2023\/05\/11\/pre-e-samu-sao-acionados-apos-veiculo-sair-de-pista-na-pr-151-em-sao-joao-do-triunfo\/","title":{"rendered":"PRE E SAMU S\u00c3O ACIONADOS AP\u00d3S VE\u00cdCULO SAIR DE PISTA NA PR-151 EM S\u00c3O JO\u00c3O DO TRIUNFO\u00a0"},"content":{"rendered":"\n<p><\/p>\n\n\n\n<figure class=\"wp-block-image size-full\"><img decoding=\"async\" src=\"https:\/\/radiostudiow.com.br\/site\/wp-content\/uploads\/2023\/05\/image.png\" alt=\"\" class=\"wp-image-12658\"\/><\/figure>\n\n\n\n<p>A Pol\u00edcia Rodovi\u00e1ria Estadual (PRE) e o Servi\u00e7o de Atendimento M\u00f3vel com Urg\u00eancia \u2013 Samu, atenderam na tarde desta quinta-feira (11).&nbsp;<\/p>\n\n\n\n<p>O&nbsp;acidente do tipo sa\u00edda de pista, na PR-151 na altura do quil\u00f4metro 435, trecho entre S\u00e3o Jo\u00e3o do Triunfo e S\u00e3o Mateus do Sul. O motorista de um ve\u00edculo Fiat Strada Endurance de cor branca, com placas de Monte Mor (SP) acabou perdendo o controle da dire\u00e7\u00e3o e saiu para fora da rodovia, colidindo contra uma \u00e1rvore.&nbsp;<\/p>\n\n\n\n<p>O Samu chegou a ser acionado, por\u00e9m o condutor recusou atendimento m\u00e9dico. A PRE orientou o tr\u00e2nsito no local.&nbsp;<\/p>\n\n\n\n<figure class=\"wp-block-image size-full\"><img loading=\"lazy\" decoding=\"async\" width=\"1024\" height=\"768\" src=\"https:\/\/radiostudiow.com.br\/site\/wp-content\/uploads\/2023\/05\/WhatsApp-Image-2023-05-11-at-16.27.37-1024x768-1.jpg\" alt=\"\" class=\"wp-image-12766\" srcset=\"https:\/\/radiostudiow.com.br\/site\/wp-content\/uploads\/2023\/05\/WhatsApp-Image-2023-05-11-at-16.27.37-1024x768-1.jpg 1024w, https:\/\/radiostudiow.com.br\/site\/wp-content\/uploads\/2023\/05\/WhatsApp-Image-2023-05-11-at-16.27.37-1024x768-1-300x225.jpg 300w, https:\/\/radiostudiow.com.br\/site\/wp-content\/uploads\/2023\/05\/WhatsApp-Image-2023-05-11-at-16.27.37-1024x768-1-768x576.jpg 768w\" sizes=\"auto, (max-width: 1024px) 100vw, 1024px\" \/><\/figure>\n","protected":false},"excerpt":{"rendered":"<p>A Pol\u00edcia Rodovi\u00e1ria Estadual (PRE) e o Servi\u00e7o de Atendimento M\u00f3vel com Urg\u00eancia \u2013 Samu, atenderam na tarde desta quinta-feira (11).&nbsp; O&nbsp;acidente do tipo sa\u00edda de pista, na PR-151 na altura do quil\u00f4metro 435, trecho entre S\u00e3o Jo\u00e3o do Triunfo e S\u00e3o Mateus do Sul. O motorista de um ve\u00edculo Fiat Strada Endurance de cor [&hellip;]<\/p>\n","protected":false},"author":2,"featured_media":12765,"comment_status":"open","ping_status":"open","sticky":false,"template":"","format":"standard","meta":{"footnotes":""},"categories":[2],"tags":[172],"class_list":["post-12764","post","type-post","status-publish","format-standard","has-post-thumbnail","hentry","category-policial","tag-featured"],"amp_enabled":true,"_links":{"self":[{"href":"https:\/\/radiostudiow.com.br\/site\/wp-json\/wp\/v2\/posts\/12764","targetHints":{"allow":["GET"]}}],"collection":[{"href":"https:\/\/radiostudiow.com.br\/site\/wp-json\/wp\/v2\/posts"}],"about":[{"href":"https:\/\/radiostudiow.com.br\/site\/wp-json\/wp\/v2\/types\/post"}],"author":[{"embeddable":true,"href":"https:\/\/radiostudiow.com.br\/site\/wp-json\/wp\/v2\/users\/2"}],"replies":[{"embeddable":true,"href":"https:\/\/radiostudiow.com.br\/site\/wp-json\/wp\/v2\/comments?post=12764"}],"version-history":[{"count":1,"href":"https:\/\/radiostudiow.com.br\/site\/wp-json\/wp\/v2\/posts\/12764\/revisions"}],"predecessor-version":[{"id":12767,"href":"https:\/\/radiostudiow.com.br\/site\/wp-json\/wp\/v2\/posts\/12764\/revisions\/12767"}],"wp:featuredmedia":[{"embeddable":true,"href":"https:\/\/radiostudiow.com.br\/site\/wp-json\/wp\/v2\/media\/12765"}],"wp:attachment":[{"href":"https:\/\/radiostudiow.com.br\/site\/wp-json\/wp\/v2\/media?parent=12764"}],"wp:term":[{"taxonomy":"category","embeddable":true,"href":"https:\/\/radiostudiow.com.br\/site\/wp-json\/wp\/v2\/categories?post=12764"},{"taxonomy":"post_tag","embeddable":true,"href":"https:\/\/radiostudiow.com.br\/site\/wp-json\/wp\/v2\/tags?post=12764"}],"curies":[{"name":"wp","href":"https:\/\/api.w.org\/{rel}","templated":true}]}}