{"id":12768,"date":"2023-05-11T19:43:06","date_gmt":"2023-05-11T22:43:06","guid":{"rendered":"https:\/\/radiostudiow.com.br\/site\/?p=12768"},"modified":"2025-01-31T15:06:48","modified_gmt":"2025-01-31T18:06:48","slug":"acidente-deixa-homem-gravemente-ferido-em-sao-mateus-do-sul","status":"publish","type":"post","link":"https:\/\/radiostudiow.com.br\/site\/2023\/05\/11\/acidente-deixa-homem-gravemente-ferido-em-sao-mateus-do-sul\/","title":{"rendered":"ACIDENTE DEIXA HOMEM GRAVEMENTE FERIDO EM S\u00c3O MATEUS DO SUL\u00a0"},"content":{"rendered":"\n<figure class=\"wp-block-image size-full\"><img decoding=\"async\" src=\"https:\/\/radiostudiow.com.br\/site\/wp-content\/uploads\/2023\/02\/image-21.png\" alt=\"\" class=\"wp-image-11405\"\/><\/figure>\n\n\n\n<p>O Corpo de Bombeiros de S\u00e3o Mateus do Sul foi acionado para atendimento a um acidente de tr\u00e2nsito na madrugada desta quarta-feira (10).&nbsp;<\/p>\n\n\n\n<p>No local, foi constatado que o condutor de um ve\u00edculo Peugeot estava desorientado dentro dos ve\u00edculos ap\u00f3s colidir na cabeceira da ponte do Rio Igua\u00e7u, na entrada do munic\u00edpio.&nbsp;<\/p>\n\n\n\n<p>Segundo informa\u00e7\u00f5es da corpora\u00e7\u00e3o dos Bombeiros, o condutor de 38 anos estava confuso com corte contuso em cr\u00e2nio e suspeita de traumatismo craniano.\u00a0Ele foi encaminhado ao Pronto Atendimento Municipal.\u00a0<\/p>\n","protected":false},"excerpt":{"rendered":"<p>O Corpo de Bombeiros de S\u00e3o Mateus do Sul foi acionado para atendimento a um acidente de tr\u00e2nsito na madrugada desta quarta-feira (10).&nbsp; No local, foi constatado que o condutor de um ve\u00edculo Peugeot estava desorientado dentro dos ve\u00edculos ap\u00f3s colidir na cabeceira da ponte do Rio Igua\u00e7u, na entrada do munic\u00edpio.&nbsp; Segundo informa\u00e7\u00f5es da [&hellip;]<\/p>\n","protected":false},"author":2,"featured_media":12769,"comment_status":"open","ping_status":"open","sticky":false,"template":"","format":"standard","meta":{"footnotes":""},"categories":[2],"tags":[172],"class_list":["post-12768","post","type-post","status-publish","format-standard","has-post-thumbnail","hentry","category-policial","tag-featured"],"amp_enabled":true,"_links":{"self":[{"href":"https:\/\/radiostudiow.com.br\/site\/wp-json\/wp\/v2\/posts\/12768","targetHints":{"allow":["GET"]}}],"collection":[{"href":"https:\/\/radiostudiow.com.br\/site\/wp-json\/wp\/v2\/posts"}],"about":[{"href":"https:\/\/radiostudiow.com.br\/site\/wp-json\/wp\/v2\/types\/post"}],"author":[{"embeddable":true,"href":"https:\/\/radiostudiow.com.br\/site\/wp-json\/wp\/v2\/users\/2"}],"replies":[{"embeddable":true,"href":"https:\/\/radiostudiow.com.br\/site\/wp-json\/wp\/v2\/comments?post=12768"}],"version-history":[{"count":1,"href":"https:\/\/radiostudiow.com.br\/site\/wp-json\/wp\/v2\/posts\/12768\/revisions"}],"predecessor-version":[{"id":12770,"href":"https:\/\/radiostudiow.com.br\/site\/wp-json\/wp\/v2\/posts\/12768\/revisions\/12770"}],"wp:featuredmedia":[{"embeddable":true,"href":"https:\/\/radiostudiow.com.br\/site\/wp-json\/wp\/v2\/media\/12769"}],"wp:attachment":[{"href":"https:\/\/radiostudiow.com.br\/site\/wp-json\/wp\/v2\/media?parent=12768"}],"wp:term":[{"taxonomy":"category","embeddable":true,"href":"https:\/\/radiostudiow.com.br\/site\/wp-json\/wp\/v2\/categories?post=12768"},{"taxonomy":"post_tag","embeddable":true,"href":"https:\/\/radiostudiow.com.br\/site\/wp-json\/wp\/v2\/tags?post=12768"}],"curies":[{"name":"wp","href":"https:\/\/api.w.org\/{rel}","templated":true}]}}