{"id":12778,"date":"2023-05-12T17:40:19","date_gmt":"2023-05-12T20:40:19","guid":{"rendered":"https:\/\/radiostudiow.com.br\/site\/?p=12778"},"modified":"2025-01-31T15:06:48","modified_gmt":"2025-01-31T18:06:48","slug":"pm-de-porto-uniao-registra-caso-de-falsidade-ideologica","status":"publish","type":"post","link":"https:\/\/radiostudiow.com.br\/site\/2023\/05\/12\/pm-de-porto-uniao-registra-caso-de-falsidade-ideologica\/","title":{"rendered":"PM DE PORTO UNI\u00c3O\u00a0REGISTRA CASO DE FALSIDADE IDEOL\u00d3GICA \u00a0"},"content":{"rendered":"\n<figure class=\"wp-block-image size-large\"><img decoding=\"async\" src=\"https:\/\/radiostudiow.com.br\/site\/wp-content\/uploads\/2023\/05\/345906960_810744057310470_2509829341942500732_n-1024x453.png\" alt=\"\" class=\"wp-image-12749\"\/><\/figure>\n\n\n\n<p>A equipe da Pol\u00edcia Militar de Porto Uni\u00e3o registrou um caso de falsidade ideol\u00f3gica ap\u00f3s uma abordagem de tr\u00e2nsito nessa quinta-feira (11).&nbsp;<\/p>\n\n\n\n<p>De acordo com o relat\u00f3rio policial, o ve\u00edculo foi abordado e o motorista entregou uma carteira de habilita\u00e7\u00e3o. No entanto, ao ser questionado sobre o CPF e o RG, o mesmo n\u00e3o sabia qual era a numera\u00e7\u00e3o.&nbsp;<\/p>\n\n\n\n<p>Ao perceber que havia algo errado, a Pol\u00edcia questionou se ele seria a pessoa que constava na carteira de habilita\u00e7\u00e3o, sendo que o suspeito confessou que a CNH seria de seu irm\u00e3o. O suspeito afirmou ter&nbsp;17 anos.&nbsp;<\/p>\n\n\n\n<p>Diante dos fatos, o adolescente foi conduzido at\u00e9 a delegacia para que fossem tomadas as provid\u00eancias cab\u00edveis. O carro foi notificado e recolhido ao p\u00e1tio do guincho por n\u00e3o haver condutor habilitado para conduzir.&nbsp;<\/p>\n","protected":false},"excerpt":{"rendered":"<p>A equipe da Pol\u00edcia Militar de Porto Uni\u00e3o registrou um caso de falsidade ideol\u00f3gica ap\u00f3s uma abordagem de tr\u00e2nsito nessa quinta-feira (11).&nbsp; De acordo com o relat\u00f3rio policial, o ve\u00edculo foi abordado e o motorista entregou uma carteira de habilita\u00e7\u00e3o. No entanto, ao ser questionado sobre o CPF e o RG, o mesmo n\u00e3o sabia [&hellip;]<\/p>\n","protected":false},"author":2,"featured_media":10154,"comment_status":"open","ping_status":"open","sticky":false,"template":"","format":"standard","meta":{"footnotes":""},"categories":[2],"tags":[172],"class_list":["post-12778","post","type-post","status-publish","format-standard","has-post-thumbnail","hentry","category-policial","tag-featured"],"amp_enabled":true,"_links":{"self":[{"href":"https:\/\/radiostudiow.com.br\/site\/wp-json\/wp\/v2\/posts\/12778","targetHints":{"allow":["GET"]}}],"collection":[{"href":"https:\/\/radiostudiow.com.br\/site\/wp-json\/wp\/v2\/posts"}],"about":[{"href":"https:\/\/radiostudiow.com.br\/site\/wp-json\/wp\/v2\/types\/post"}],"author":[{"embeddable":true,"href":"https:\/\/radiostudiow.com.br\/site\/wp-json\/wp\/v2\/users\/2"}],"replies":[{"embeddable":true,"href":"https:\/\/radiostudiow.com.br\/site\/wp-json\/wp\/v2\/comments?post=12778"}],"version-history":[{"count":1,"href":"https:\/\/radiostudiow.com.br\/site\/wp-json\/wp\/v2\/posts\/12778\/revisions"}],"predecessor-version":[{"id":12779,"href":"https:\/\/radiostudiow.com.br\/site\/wp-json\/wp\/v2\/posts\/12778\/revisions\/12779"}],"wp:featuredmedia":[{"embeddable":true,"href":"https:\/\/radiostudiow.com.br\/site\/wp-json\/wp\/v2\/media\/10154"}],"wp:attachment":[{"href":"https:\/\/radiostudiow.com.br\/site\/wp-json\/wp\/v2\/media?parent=12778"}],"wp:term":[{"taxonomy":"category","embeddable":true,"href":"https:\/\/radiostudiow.com.br\/site\/wp-json\/wp\/v2\/categories?post=12778"},{"taxonomy":"post_tag","embeddable":true,"href":"https:\/\/radiostudiow.com.br\/site\/wp-json\/wp\/v2\/tags?post=12778"}],"curies":[{"name":"wp","href":"https:\/\/api.w.org\/{rel}","templated":true}]}}