{"id":12787,"date":"2023-05-13T10:40:27","date_gmt":"2023-05-13T13:40:27","guid":{"rendered":"https:\/\/radiostudiow.com.br\/site\/?p=12787"},"modified":"2025-01-31T15:06:48","modified_gmt":"2025-01-31T18:06:48","slug":"selecao-masculina-malletense-de-futebol-sub-16-estreia-com-vitoria-nos-jogos-do-parana-bom-de-bola","status":"publish","type":"post","link":"https:\/\/radiostudiow.com.br\/site\/2023\/05\/13\/selecao-masculina-malletense-de-futebol-sub-16-estreia-com-vitoria-nos-jogos-do-parana-bom-de-bola\/","title":{"rendered":"SELE\u00c7\u00c3O MASCULINA MALLETENSE DE FUTEBOL SUB 16 ESTREIA, COM VIT\u00d3RIA NOS JOGOS DO PARAN\u00c1 BOM DE BOLA"},"content":{"rendered":"\n<p><strong><em>Na estreia da nossa sele\u00e7\u00e3o sub 16 masculina, encarou a cidade de Quedas do Igua\u00e7u e venceu pelo placar de 04 x 03.<\/em><\/strong><\/p>\n\n\n\n<figure class=\"wp-block-image size-full\"><img decoding=\"async\" src=\"https:\/\/radiostudiow.com.br\/site\/wp-content\/uploads\/2023\/02\/image-20.png\" alt=\"\" class=\"wp-image-11402\"\/><\/figure>\n\n\n\n<p>Em um jogo eletrizante nesta sexta-feira (12), na cidade de Reserva do Igua\u00e7u,&nbsp; munic\u00edpio localizado na regi\u00e3o central do estado a 100 km de Guarapuava, est\u00e1 recebendo a fase regional do Paran\u00e1 Bom de Bola, evento organizado pela Secretaria de Esportes do Paran\u00e1, onde ocorrem as disputas de futebol de campo.<\/p>\n\n\n\n<p>Na estreia da nossa sele\u00e7\u00e3o sub 16 masculina, encarou a cidade de Quedas do Igua\u00e7u e venceu pelo placar de 04 x 03.<\/p>\n\n\n\n<p>De acordo com o professor Gilmar Uniat,\u00a0 foi um jogo dif\u00edcil sa\u00eddo atr\u00e1s no placar mas conseguindo a virada e a vit\u00f3ria no final.<br><em>&#8220;\u00c9 um in\u00edcio de projeto da nossa Escolinha de Futebol, onde trabalhamos e disputamos competi\u00e7\u00f5es regionais de futsal como os Jogos da Juventude,\u00a0 mas no futebol de campo s\u00e3o poucas as disputas e os nossos atletas est\u00e3o de parab\u00e9ns&#8221;,\u00a0 destacou o professor Gil.<\/em><\/p>\n\n\n\n<p>Neste s\u00e1bado o compromisso ser\u00e1 perante a fort\u00edssima sele\u00e7\u00e3o de Guarapuava e dependendo do&nbsp; resultado poder\u00e1&nbsp; se classificar para a fase final dos Jogos do Paran\u00e1 Bom de Bola.<\/p>\n\n\n\n<figure class=\"wp-block-image size-large\"><img decoding=\"async\" src=\"https:\/\/radiostudiow.com.br\/site\/wp-content\/uploads\/2023\/05\/345906960_810744057310470_2509829341942500732_n-1024x453.png\" alt=\"\" class=\"wp-image-12749\"\/><\/figure>\n\n\n\n<figure class=\"wp-block-image size-large\"><img loading=\"lazy\" decoding=\"async\" width=\"1024\" height=\"768\" src=\"https:\/\/radiostudiow.com.br\/site\/wp-content\/uploads\/2023\/05\/51ccaee2-c2b3-4cca-95df-5d4094372a1c-1024x768.jpg\" alt=\"\" class=\"wp-image-12789\" srcset=\"https:\/\/radiostudiow.com.br\/site\/wp-content\/uploads\/2023\/05\/51ccaee2-c2b3-4cca-95df-5d4094372a1c-1024x768.jpg 1024w, https:\/\/radiostudiow.com.br\/site\/wp-content\/uploads\/2023\/05\/51ccaee2-c2b3-4cca-95df-5d4094372a1c-300x225.jpg 300w, https:\/\/radiostudiow.com.br\/site\/wp-content\/uploads\/2023\/05\/51ccaee2-c2b3-4cca-95df-5d4094372a1c-768x576.jpg 768w, https:\/\/radiostudiow.com.br\/site\/wp-content\/uploads\/2023\/05\/51ccaee2-c2b3-4cca-95df-5d4094372a1c.jpg 1040w\" sizes=\"auto, (max-width: 1024px) 100vw, 1024px\" \/><\/figure>\n\n\n\n<figure class=\"wp-block-image size-large\"><img loading=\"lazy\" decoding=\"async\" width=\"1024\" height=\"768\" src=\"https:\/\/radiostudiow.com.br\/site\/wp-content\/uploads\/2023\/05\/b838a84d-da68-4a0a-a2d7-363ce5cdecab-1024x768.jpg\" alt=\"\" class=\"wp-image-12790\" srcset=\"https:\/\/radiostudiow.com.br\/site\/wp-content\/uploads\/2023\/05\/b838a84d-da68-4a0a-a2d7-363ce5cdecab-1024x768.jpg 1024w, https:\/\/radiostudiow.com.br\/site\/wp-content\/uploads\/2023\/05\/b838a84d-da68-4a0a-a2d7-363ce5cdecab-300x225.jpg 300w, https:\/\/radiostudiow.com.br\/site\/wp-content\/uploads\/2023\/05\/b838a84d-da68-4a0a-a2d7-363ce5cdecab-768x576.jpg 768w, https:\/\/radiostudiow.com.br\/site\/wp-content\/uploads\/2023\/05\/b838a84d-da68-4a0a-a2d7-363ce5cdecab-1536x1152.jpg 1536w, https:\/\/radiostudiow.com.br\/site\/wp-content\/uploads\/2023\/05\/b838a84d-da68-4a0a-a2d7-363ce5cdecab.jpg 1600w\" sizes=\"auto, (max-width: 1024px) 100vw, 1024px\" \/><\/figure>\n","protected":false},"excerpt":{"rendered":"<p>Na estreia da nossa sele\u00e7\u00e3o sub 16 masculina, encarou a cidade de Quedas do Igua\u00e7u e venceu pelo placar de 04 x 03. Em um jogo eletrizante nesta sexta-feira (12), na cidade de Reserva do Igua\u00e7u,&nbsp; munic\u00edpio localizado na regi\u00e3o central do estado a 100 km de Guarapuava, est\u00e1 recebendo a fase regional do Paran\u00e1 [&hellip;]<\/p>\n","protected":false},"author":2,"featured_media":12788,"comment_status":"open","ping_status":"open","sticky":false,"template":"","format":"standard","meta":{"footnotes":""},"categories":[184],"tags":[172],"class_list":["post-12787","post","type-post","status-publish","format-standard","has-post-thumbnail","hentry","category-local","tag-featured"],"amp_enabled":true,"_links":{"self":[{"href":"https:\/\/radiostudiow.com.br\/site\/wp-json\/wp\/v2\/posts\/12787","targetHints":{"allow":["GET"]}}],"collection":[{"href":"https:\/\/radiostudiow.com.br\/site\/wp-json\/wp\/v2\/posts"}],"about":[{"href":"https:\/\/radiostudiow.com.br\/site\/wp-json\/wp\/v2\/types\/post"}],"author":[{"embeddable":true,"href":"https:\/\/radiostudiow.com.br\/site\/wp-json\/wp\/v2\/users\/2"}],"replies":[{"embeddable":true,"href":"https:\/\/radiostudiow.com.br\/site\/wp-json\/wp\/v2\/comments?post=12787"}],"version-history":[{"count":1,"href":"https:\/\/radiostudiow.com.br\/site\/wp-json\/wp\/v2\/posts\/12787\/revisions"}],"predecessor-version":[{"id":12791,"href":"https:\/\/radiostudiow.com.br\/site\/wp-json\/wp\/v2\/posts\/12787\/revisions\/12791"}],"wp:featuredmedia":[{"embeddable":true,"href":"https:\/\/radiostudiow.com.br\/site\/wp-json\/wp\/v2\/media\/12788"}],"wp:attachment":[{"href":"https:\/\/radiostudiow.com.br\/site\/wp-json\/wp\/v2\/media?parent=12787"}],"wp:term":[{"taxonomy":"category","embeddable":true,"href":"https:\/\/radiostudiow.com.br\/site\/wp-json\/wp\/v2\/categories?post=12787"},{"taxonomy":"post_tag","embeddable":true,"href":"https:\/\/radiostudiow.com.br\/site\/wp-json\/wp\/v2\/tags?post=12787"}],"curies":[{"name":"wp","href":"https:\/\/api.w.org\/{rel}","templated":true}]}}