{"id":12792,"date":"2023-05-13T11:17:05","date_gmt":"2023-05-13T14:17:05","guid":{"rendered":"https:\/\/radiostudiow.com.br\/site\/?p=12792"},"modified":"2025-01-31T15:06:48","modified_gmt":"2025-01-31T18:06:48","slug":"homem-e-vitima-de-ameaca-por-tres-adolescentes-em-paula-freitas","status":"publish","type":"post","link":"https:\/\/radiostudiow.com.br\/site\/2023\/05\/13\/homem-e-vitima-de-ameaca-por-tres-adolescentes-em-paula-freitas\/","title":{"rendered":"HOMEM \u00c9 V\u00cdTIMA DE AMEA\u00c7A POR TR\u00caS ADOLESCENTES EM PAULA FREITAS"},"content":{"rendered":"\n<figure class=\"wp-block-image size-full\"><img decoding=\"async\" src=\"https:\/\/radiostudiow.com.br\/site\/wp-content\/uploads\/2023\/04\/image-12.png\" alt=\"\" class=\"wp-image-12488\"\/><\/figure>\n\n\n\n<p>Um senhor compareceu ao Pelot\u00e3o da Pol\u00edcia Militar de Paula Freitas relatando uma situa\u00e7\u00e3o de amea\u00e7a envolvendo adolescentes. A ocorr\u00eancia foi registrada por volta das 14:10 horas dessa sexta-feira (12).&nbsp;<\/p>\n\n\n\n<p>O solicitante relatou que tr\u00eas jovens que s\u00e3o conhecidos seus e todos menores de idade, passaram em frente ao seu trabalho e disseram que ir\u00e3o voltar e bater na v\u00edtima, ap\u00f3s amea\u00e7a tomaram rumo ignorado.&nbsp;<\/p>\n\n\n\n<p>A v\u00edtima afirmou que as partes j\u00e1 tiveram discuss\u00f5es anteriores a este fato. A equipe policial realizou patrulhamento, por\u00e9m, sem \u00eaxito em localizar os menores.&nbsp;<\/p>\n\n\n\n<p>Diante da situa\u00e7\u00e3o a equipe policial orientou o solicitante quanto as provid\u00eancias cab\u00edveis.&nbsp;<\/p>\n\n\n\n<figure class=\"wp-block-image size-full\"><img decoding=\"async\" src=\"https:\/\/radiostudiow.com.br\/site\/wp-content\/uploads\/2023\/02\/image-12.png\" alt=\"\" class=\"wp-image-11282\"\/><\/figure>\n","protected":false},"excerpt":{"rendered":"<p>Um senhor compareceu ao Pelot\u00e3o da Pol\u00edcia Militar de Paula Freitas relatando uma situa\u00e7\u00e3o de amea\u00e7a envolvendo adolescentes. A ocorr\u00eancia foi registrada por volta das 14:10 horas dessa sexta-feira (12).&nbsp; O solicitante relatou que tr\u00eas jovens que s\u00e3o conhecidos seus e todos menores de idade, passaram em frente ao seu trabalho e disseram que ir\u00e3o [&hellip;]<\/p>\n","protected":false},"author":2,"featured_media":9634,"comment_status":"open","ping_status":"open","sticky":false,"template":"","format":"standard","meta":{"footnotes":""},"categories":[2],"tags":[172],"class_list":["post-12792","post","type-post","status-publish","format-standard","has-post-thumbnail","hentry","category-policial","tag-featured"],"amp_enabled":true,"_links":{"self":[{"href":"https:\/\/radiostudiow.com.br\/site\/wp-json\/wp\/v2\/posts\/12792","targetHints":{"allow":["GET"]}}],"collection":[{"href":"https:\/\/radiostudiow.com.br\/site\/wp-json\/wp\/v2\/posts"}],"about":[{"href":"https:\/\/radiostudiow.com.br\/site\/wp-json\/wp\/v2\/types\/post"}],"author":[{"embeddable":true,"href":"https:\/\/radiostudiow.com.br\/site\/wp-json\/wp\/v2\/users\/2"}],"replies":[{"embeddable":true,"href":"https:\/\/radiostudiow.com.br\/site\/wp-json\/wp\/v2\/comments?post=12792"}],"version-history":[{"count":1,"href":"https:\/\/radiostudiow.com.br\/site\/wp-json\/wp\/v2\/posts\/12792\/revisions"}],"predecessor-version":[{"id":12793,"href":"https:\/\/radiostudiow.com.br\/site\/wp-json\/wp\/v2\/posts\/12792\/revisions\/12793"}],"wp:featuredmedia":[{"embeddable":true,"href":"https:\/\/radiostudiow.com.br\/site\/wp-json\/wp\/v2\/media\/9634"}],"wp:attachment":[{"href":"https:\/\/radiostudiow.com.br\/site\/wp-json\/wp\/v2\/media?parent=12792"}],"wp:term":[{"taxonomy":"category","embeddable":true,"href":"https:\/\/radiostudiow.com.br\/site\/wp-json\/wp\/v2\/categories?post=12792"},{"taxonomy":"post_tag","embeddable":true,"href":"https:\/\/radiostudiow.com.br\/site\/wp-json\/wp\/v2\/tags?post=12792"}],"curies":[{"name":"wp","href":"https:\/\/api.w.org\/{rel}","templated":true}]}}