{"id":12799,"date":"2023-05-15T14:52:36","date_gmt":"2023-05-15T17:52:36","guid":{"rendered":"https:\/\/radiostudiow.com.br\/site\/?p=12799"},"modified":"2025-01-31T15:06:48","modified_gmt":"2025-01-31T18:06:48","slug":"motociclista-e-encontrado-morto-nas-margens-da-br-153-em-mallet","status":"publish","type":"post","link":"https:\/\/radiostudiow.com.br\/site\/2023\/05\/15\/motociclista-e-encontrado-morto-nas-margens-da-br-153-em-mallet\/","title":{"rendered":"MOTOCICLISTA \u00c9 ENCONTRADO MORTO NAS MARGENS DA BR 153 EM MALLET"},"content":{"rendered":"<div class=\"wp-block-image\">\n<figure class=\"aligncenter size-full\"><img decoding=\"async\" src=\"https:\/\/radiostudiow.com.br\/site\/wp-content\/uploads\/2022\/06\/NUTRI-MALLET.jpg\" alt=\"\" class=\"wp-image-7772\"\/><\/figure>\n<\/div>\n\n\n<p class=\"has-text-color\" style=\"color:#ffffff00\">.<\/p>\n\n\n\n<p>Infelizmente a cidade de Mallet amanheceu com mais uma trag\u00e9dia na rodovia que corta a cidade.&nbsp;<\/p>\n\n\n\n<p>Por volta das 07:00 horas da manh\u00e3&nbsp; desta segunda-feira (15), populares que transitavam pela BR 153 encontraram uma motocicleta Honda\/XR 250 Tornado na cor vermelha destru\u00edda em uma estrada rural pr\u00f3ximo a localidade de Vera Cruz, no km 379.<\/p>\n\n\n\n<p>Ao lado ca\u00eddo em uma valeta, j\u00e1 em \u00f3bito o condutor Maur\u00edcio In\u00e1cio Diduch de apenas 32 anos.&nbsp;<\/p>\n\n\n\n<p>De imediato foi acionado a Pol\u00edcia Militar que comunicou aos Bombeiros Comunit\u00e1rios do munic\u00edpio e a ambul\u00e2ncia de plant\u00e3o da Secretaria de Sa\u00fade de Mallet que estiveram no local e constataram o fato ocorrido.<\/p>\n\n\n\n<p>As marcas da colis\u00e3o em um bueiro que d\u00e1 acesso&nbsp;a col\u00f4nia e as marcas na lateral da pista d\u00e3o ind\u00edcios que a v\u00edtima teria perdido o controle&nbsp; da moto colidindo na sequ\u00eancia,&nbsp;mas a Pol\u00edcia Rodovi\u00e1ria Federal&nbsp; juntamente com outros \u00f3rg\u00e3os competentes estavam analisando todos os ind\u00edcios poss\u00edveis do acidente.<\/p>\n\n\n\n<p>O IML (Instituto M\u00e9dico Legal) de Uni\u00e3o da Vit\u00f3ria&nbsp; foi acionada para recolher o corpo e tomar as devidas provid\u00eancias.<\/p>\n\n\n\n<p>Na Nota de Falecimento da Funer\u00e1ria S\u00e3o Jo\u00e3o traz a informa\u00e7\u00e3o que a morte&nbsp; teria ocorrido ainda na noite do domingo dia 14 e somente encontrado o corpo de Maur\u00edcio na manh\u00e3&nbsp; desta segunda-feira.<\/p>\n\n\n\n<p>Maur\u00edcio In\u00e1cio Diduch era morador da Vila Maria em Mallet.&nbsp;<\/p>\n\n\n\n<p>Aos familiares os nossos sentimentos<\/p>\n\n\n\n<p class=\"has-text-color\" style=\"color:#ffffff00\">.<\/p>\n\n\n<div class=\"wp-block-image\">\n<figure class=\"aligncenter size-full\"><img decoding=\"async\" src=\"https:\/\/radiostudiow.com.br\/site\/wp-content\/uploads\/2022\/07\/AFUBRE-IRATI.jpg\" alt=\"\" class=\"wp-image-7992\"\/><\/figure>\n<\/div>\n\n\n<p class=\"has-text-color\" style=\"color:#ffffff00\">.<\/p>\n\n\n\n<figure class=\"wp-block-gallery aligncenter has-nested-images columns-1 wp-block-gallery-1 is-layout-flex wp-block-gallery-is-layout-flex\">\n<figure class=\"wp-block-image size-large\"><img loading=\"lazy\" decoding=\"async\" width=\"768\" height=\"1024\" data-id=\"12800\" src=\"https:\/\/radiostudiow.com.br\/site\/wp-content\/uploads\/2023\/05\/01-768x1024.jpg\" alt=\"\" class=\"wp-image-12800\" srcset=\"https:\/\/radiostudiow.com.br\/site\/wp-content\/uploads\/2023\/05\/01-768x1024.jpg 768w, https:\/\/radiostudiow.com.br\/site\/wp-content\/uploads\/2023\/05\/01-225x300.jpg 225w, https:\/\/radiostudiow.com.br\/site\/wp-content\/uploads\/2023\/05\/01-1152x1536.jpg 1152w, https:\/\/radiostudiow.com.br\/site\/wp-content\/uploads\/2023\/05\/01.jpg 1200w\" sizes=\"auto, (max-width: 768px) 100vw, 768px\" \/><\/figure>\n\n\n\n<figure class=\"wp-block-image size-large\"><img loading=\"lazy\" decoding=\"async\" width=\"1024\" height=\"768\" data-id=\"12801\" src=\"https:\/\/radiostudiow.com.br\/site\/wp-content\/uploads\/2023\/05\/02-1024x768.jpg\" alt=\"\" class=\"wp-image-12801\" srcset=\"https:\/\/radiostudiow.com.br\/site\/wp-content\/uploads\/2023\/05\/02-1024x768.jpg 1024w, https:\/\/radiostudiow.com.br\/site\/wp-content\/uploads\/2023\/05\/02-300x225.jpg 300w, https:\/\/radiostudiow.com.br\/site\/wp-content\/uploads\/2023\/05\/02-768x576.jpg 768w, https:\/\/radiostudiow.com.br\/site\/wp-content\/uploads\/2023\/05\/02-1536x1152.jpg 1536w, https:\/\/radiostudiow.com.br\/site\/wp-content\/uploads\/2023\/05\/02.jpg 1600w\" sizes=\"auto, (max-width: 1024px) 100vw, 1024px\" \/><\/figure>\n\n\n\n<figure class=\"wp-block-image size-large\"><img loading=\"lazy\" decoding=\"async\" width=\"768\" height=\"1024\" data-id=\"12802\" src=\"https:\/\/radiostudiow.com.br\/site\/wp-content\/uploads\/2023\/05\/03-768x1024.jpg\" alt=\"\" class=\"wp-image-12802\" srcset=\"https:\/\/radiostudiow.com.br\/site\/wp-content\/uploads\/2023\/05\/03-768x1024.jpg 768w, https:\/\/radiostudiow.com.br\/site\/wp-content\/uploads\/2023\/05\/03-225x300.jpg 225w, https:\/\/radiostudiow.com.br\/site\/wp-content\/uploads\/2023\/05\/03-1152x1536.jpg 1152w, https:\/\/radiostudiow.com.br\/site\/wp-content\/uploads\/2023\/05\/03.jpg 1200w\" sizes=\"auto, (max-width: 768px) 100vw, 768px\" \/><\/figure>\n\n\n\n<figure class=\"wp-block-image size-large\"><img loading=\"lazy\" decoding=\"async\" width=\"768\" height=\"1024\" data-id=\"12804\" src=\"https:\/\/radiostudiow.com.br\/site\/wp-content\/uploads\/2023\/05\/04-768x1024.jpg\" alt=\"\" class=\"wp-image-12804\" srcset=\"https:\/\/radiostudiow.com.br\/site\/wp-content\/uploads\/2023\/05\/04-768x1024.jpg 768w, https:\/\/radiostudiow.com.br\/site\/wp-content\/uploads\/2023\/05\/04-225x300.jpg 225w, https:\/\/radiostudiow.com.br\/site\/wp-content\/uploads\/2023\/05\/04-1152x1536.jpg 1152w, https:\/\/radiostudiow.com.br\/site\/wp-content\/uploads\/2023\/05\/04.jpg 1200w\" sizes=\"auto, (max-width: 768px) 100vw, 768px\" \/><\/figure>\n\n\n\n<figure class=\"wp-block-image size-large\"><img loading=\"lazy\" decoding=\"async\" width=\"768\" height=\"1024\" data-id=\"12803\" src=\"https:\/\/radiostudiow.com.br\/site\/wp-content\/uploads\/2023\/05\/05-768x1024.jpg\" alt=\"\" class=\"wp-image-12803\" srcset=\"https:\/\/radiostudiow.com.br\/site\/wp-content\/uploads\/2023\/05\/05-768x1024.jpg 768w, https:\/\/radiostudiow.com.br\/site\/wp-content\/uploads\/2023\/05\/05-225x300.jpg 225w, https:\/\/radiostudiow.com.br\/site\/wp-content\/uploads\/2023\/05\/05-1152x1536.jpg 1152w, https:\/\/radiostudiow.com.br\/site\/wp-content\/uploads\/2023\/05\/05.jpg 1200w\" sizes=\"auto, (max-width: 768px) 100vw, 768px\" \/><\/figure>\n\n\n\n<figure class=\"wp-block-image size-large\"><img loading=\"lazy\" decoding=\"async\" width=\"1024\" height=\"768\" data-id=\"12806\" src=\"https:\/\/radiostudiow.com.br\/site\/wp-content\/uploads\/2023\/05\/06-1024x768.jpg\" alt=\"\" class=\"wp-image-12806\" srcset=\"https:\/\/radiostudiow.com.br\/site\/wp-content\/uploads\/2023\/05\/06-1024x768.jpg 1024w, https:\/\/radiostudiow.com.br\/site\/wp-content\/uploads\/2023\/05\/06-300x225.jpg 300w, https:\/\/radiostudiow.com.br\/site\/wp-content\/uploads\/2023\/05\/06-768x576.jpg 768w, https:\/\/radiostudiow.com.br\/site\/wp-content\/uploads\/2023\/05\/06-1536x1152.jpg 1536w, https:\/\/radiostudiow.com.br\/site\/wp-content\/uploads\/2023\/05\/06.jpg 1600w\" sizes=\"auto, (max-width: 1024px) 100vw, 1024px\" \/><\/figure>\n\n\n\n<figure class=\"wp-block-image size-large\"><img loading=\"lazy\" decoding=\"async\" width=\"768\" height=\"1024\" data-id=\"12805\" src=\"https:\/\/radiostudiow.com.br\/site\/wp-content\/uploads\/2023\/05\/07-768x1024.jpg\" alt=\"\" class=\"wp-image-12805\" srcset=\"https:\/\/radiostudiow.com.br\/site\/wp-content\/uploads\/2023\/05\/07-768x1024.jpg 768w, https:\/\/radiostudiow.com.br\/site\/wp-content\/uploads\/2023\/05\/07-225x300.jpg 225w, https:\/\/radiostudiow.com.br\/site\/wp-content\/uploads\/2023\/05\/07-1152x1536.jpg 1152w, https:\/\/radiostudiow.com.br\/site\/wp-content\/uploads\/2023\/05\/07.jpg 1200w\" sizes=\"auto, (max-width: 768px) 100vw, 768px\" \/><\/figure>\n<\/figure>\n\n\n\n<figure class=\"wp-block-image size-large\"><img loading=\"lazy\" decoding=\"async\" width=\"682\" height=\"1024\" src=\"https:\/\/radiostudiow.com.br\/site\/wp-content\/uploads\/2023\/05\/08-682x1024.jpg\" alt=\"\" class=\"wp-image-12808\" srcset=\"https:\/\/radiostudiow.com.br\/site\/wp-content\/uploads\/2023\/05\/08-682x1024.jpg 682w, https:\/\/radiostudiow.com.br\/site\/wp-content\/uploads\/2023\/05\/08-200x300.jpg 200w, https:\/\/radiostudiow.com.br\/site\/wp-content\/uploads\/2023\/05\/08-768x1152.jpg 768w, https:\/\/radiostudiow.com.br\/site\/wp-content\/uploads\/2023\/05\/08.jpg 853w\" sizes=\"auto, (max-width: 682px) 100vw, 682px\" \/><\/figure>\n","protected":false},"excerpt":{"rendered":"<p>. Infelizmente a cidade de Mallet amanheceu com mais uma trag\u00e9dia na rodovia que corta a cidade.&nbsp; Por volta das 07:00 horas da manh\u00e3&nbsp; desta segunda-feira (15), populares que transitavam pela BR 153 encontraram uma motocicleta Honda\/XR 250 Tornado na cor vermelha destru\u00edda em uma estrada rural pr\u00f3ximo a localidade de Vera Cruz, no km [&hellip;]<\/p>\n","protected":false},"author":2,"featured_media":12802,"comment_status":"open","ping_status":"open","sticky":false,"template":"","format":"standard","meta":{"footnotes":""},"categories":[184,2],"tags":[172],"class_list":["post-12799","post","type-post","status-publish","format-standard","has-post-thumbnail","hentry","category-local","category-policial","tag-featured"],"amp_enabled":true,"_links":{"self":[{"href":"https:\/\/radiostudiow.com.br\/site\/wp-json\/wp\/v2\/posts\/12799","targetHints":{"allow":["GET"]}}],"collection":[{"href":"https:\/\/radiostudiow.com.br\/site\/wp-json\/wp\/v2\/posts"}],"about":[{"href":"https:\/\/radiostudiow.com.br\/site\/wp-json\/wp\/v2\/types\/post"}],"author":[{"embeddable":true,"href":"https:\/\/radiostudiow.com.br\/site\/wp-json\/wp\/v2\/users\/2"}],"replies":[{"embeddable":true,"href":"https:\/\/radiostudiow.com.br\/site\/wp-json\/wp\/v2\/comments?post=12799"}],"version-history":[{"count":2,"href":"https:\/\/radiostudiow.com.br\/site\/wp-json\/wp\/v2\/posts\/12799\/revisions"}],"predecessor-version":[{"id":12809,"href":"https:\/\/radiostudiow.com.br\/site\/wp-json\/wp\/v2\/posts\/12799\/revisions\/12809"}],"wp:featuredmedia":[{"embeddable":true,"href":"https:\/\/radiostudiow.com.br\/site\/wp-json\/wp\/v2\/media\/12802"}],"wp:attachment":[{"href":"https:\/\/radiostudiow.com.br\/site\/wp-json\/wp\/v2\/media?parent=12799"}],"wp:term":[{"taxonomy":"category","embeddable":true,"href":"https:\/\/radiostudiow.com.br\/site\/wp-json\/wp\/v2\/categories?post=12799"},{"taxonomy":"post_tag","embeddable":true,"href":"https:\/\/radiostudiow.com.br\/site\/wp-json\/wp\/v2\/tags?post=12799"}],"curies":[{"name":"wp","href":"https:\/\/api.w.org\/{rel}","templated":true}]}}