{"id":12813,"date":"2023-05-15T18:42:31","date_gmt":"2023-05-15T21:42:31","guid":{"rendered":"https:\/\/radiostudiow.com.br\/site\/?p=12813"},"modified":"2025-01-31T15:06:48","modified_gmt":"2025-01-31T18:06:48","slug":"homens-com-namorada-em-comum-brigam-e-um-leva-facada-em-sao-mateus-do-sul","status":"publish","type":"post","link":"https:\/\/radiostudiow.com.br\/site\/2023\/05\/15\/homens-com-namorada-em-comum-brigam-e-um-leva-facada-em-sao-mateus-do-sul\/","title":{"rendered":"HOMENS COM NAMORADA EM COMUM BRIGAM E UM LEVA FACADA EM S\u00c3O MATEUS DO SUL\u00a0"},"content":{"rendered":"\n<p><strong><em>A equipe da Pol\u00edcia Militar de S\u00e3o Mateus do Sul foi acionada para atender uma ocorr\u00eancia de les\u00e3o corporal na manh\u00e3 de s\u00e1bado (13).\u00a0<\/em><\/strong><\/p>\n\n\n\n<figure class=\"wp-block-image size-full\"><img decoding=\"async\" src=\"https:\/\/radiostudiow.com.br\/site\/wp-content\/uploads\/2023\/05\/image.png\" alt=\"\" class=\"wp-image-12658\"\/><\/figure>\n\n\n\n<p>As primeiras informa\u00e7\u00f5es que foram passadas aos policiais que teria sofrido uma tentativa de assalto e durante a\u00e7\u00e3o, teria levado uma facada na m\u00e3o vindo a bater sua camionete branca em um muro pr\u00f3ximo.&nbsp;<\/p>\n\n\n\n<p>No local, os policiais perceberam que se tratava de uma briga familiar e que os dois envolvidos, o que deferiu o golpe de faca e a v\u00edtima da facada se conheciam, e ambos j\u00e1 tinham se envolvido em outras ocorr\u00eancias por brigas pela namorada em comum.&nbsp;<\/p>\n\n\n\n<p>A Pol\u00edcia deu as orienta\u00e7\u00f5es aos envolvidos na briga e encaminhou os dois ao 3\u00aaCIA para confec\u00e7\u00e3o de termo circunstanciado. O indiv\u00edduo lesionado foi encaminhado primeiramente para a Unidade de Pronto Atendimento (UPA). A faca que foi usada para golpear a m\u00e3o da v\u00edtima n\u00e3o foi localizada.<\/p>\n\n\n\n<figure class=\"wp-block-image size-full\"><img decoding=\"async\" src=\"https:\/\/radiostudiow.com.br\/site\/wp-content\/uploads\/2023\/02\/image-21.png\" alt=\"\" class=\"wp-image-11405\"\/><\/figure>\n","protected":false},"excerpt":{"rendered":"<p>A equipe da Pol\u00edcia Militar de S\u00e3o Mateus do Sul foi acionada para atender uma ocorr\u00eancia de les\u00e3o corporal na manh\u00e3 de s\u00e1bado (13).\u00a0 As primeiras informa\u00e7\u00f5es que foram passadas aos policiais que teria sofrido uma tentativa de assalto e durante a\u00e7\u00e3o, teria levado uma facada na m\u00e3o vindo a bater sua camionete branca em [&hellip;]<\/p>\n","protected":false},"author":2,"featured_media":0,"comment_status":"open","ping_status":"open","sticky":false,"template":"","format":"standard","meta":{"footnotes":""},"categories":[2],"tags":[172],"class_list":["post-12813","post","type-post","status-publish","format-standard","hentry","category-policial","tag-featured"],"amp_enabled":true,"_links":{"self":[{"href":"https:\/\/radiostudiow.com.br\/site\/wp-json\/wp\/v2\/posts\/12813","targetHints":{"allow":["GET"]}}],"collection":[{"href":"https:\/\/radiostudiow.com.br\/site\/wp-json\/wp\/v2\/posts"}],"about":[{"href":"https:\/\/radiostudiow.com.br\/site\/wp-json\/wp\/v2\/types\/post"}],"author":[{"embeddable":true,"href":"https:\/\/radiostudiow.com.br\/site\/wp-json\/wp\/v2\/users\/2"}],"replies":[{"embeddable":true,"href":"https:\/\/radiostudiow.com.br\/site\/wp-json\/wp\/v2\/comments?post=12813"}],"version-history":[{"count":1,"href":"https:\/\/radiostudiow.com.br\/site\/wp-json\/wp\/v2\/posts\/12813\/revisions"}],"predecessor-version":[{"id":12814,"href":"https:\/\/radiostudiow.com.br\/site\/wp-json\/wp\/v2\/posts\/12813\/revisions\/12814"}],"wp:attachment":[{"href":"https:\/\/radiostudiow.com.br\/site\/wp-json\/wp\/v2\/media?parent=12813"}],"wp:term":[{"taxonomy":"category","embeddable":true,"href":"https:\/\/radiostudiow.com.br\/site\/wp-json\/wp\/v2\/categories?post=12813"},{"taxonomy":"post_tag","embeddable":true,"href":"https:\/\/radiostudiow.com.br\/site\/wp-json\/wp\/v2\/tags?post=12813"}],"curies":[{"name":"wp","href":"https:\/\/api.w.org\/{rel}","templated":true}]}}