{"id":12815,"date":"2023-05-15T19:05:53","date_gmt":"2023-05-15T22:05:53","guid":{"rendered":"https:\/\/radiostudiow.com.br\/site\/?p=12815"},"modified":"2025-01-31T15:06:48","modified_gmt":"2025-01-31T18:06:48","slug":"boi-morre-ao-ser-atropelado-na-br-476-em-paula-freitas","status":"publish","type":"post","link":"https:\/\/radiostudiow.com.br\/site\/2023\/05\/15\/boi-morre-ao-ser-atropelado-na-br-476-em-paula-freitas\/","title":{"rendered":"BOI MORRE AO SER ATROPELADO NA BR-476 EM PAULA FREITAS\u00a0"},"content":{"rendered":"\n<figure class=\"wp-block-image size-full\"><img decoding=\"async\" src=\"https:\/\/radiostudiow.com.br\/site\/wp-content\/uploads\/2023\/02\/image-12.png\" alt=\"\" class=\"wp-image-11282\"\/><\/figure>\n\n\n\n<p>Foi registrado pela equipe da Pol\u00edcia Rodovi\u00e1ria Federal (PRF), um&nbsp;acidente de tr\u00e2nsito na BR-476 entre as cidades de Paula Freitas e Uni\u00e3o da Vit\u00f3ria na manh\u00e3 deste s\u00e1bado (13).&nbsp;<\/p>\n\n\n\n<p>Conforme informa\u00e7\u00f5es preliminares uma carreta que transitava pela rodovia, colidiu contra um boi. Com o impacto o animal infelizmente acabou morrendo na hora. O motorista da carreta n\u00e3o sofreu ferimentos.&nbsp;<\/p>\n\n\n\n<p><em>Fonte: PRF \/ Portal da Cidade<\/em><\/p>\n","protected":false},"excerpt":{"rendered":"<p>Foi registrado pela equipe da Pol\u00edcia Rodovi\u00e1ria Federal (PRF), um&nbsp;acidente de tr\u00e2nsito na BR-476 entre as cidades de Paula Freitas e Uni\u00e3o da Vit\u00f3ria na manh\u00e3 deste s\u00e1bado (13).&nbsp; Conforme informa\u00e7\u00f5es preliminares uma carreta que transitava pela rodovia, colidiu contra um boi. Com o impacto o animal infelizmente acabou morrendo na hora. O motorista da [&hellip;]<\/p>\n","protected":false},"author":2,"featured_media":12816,"comment_status":"open","ping_status":"open","sticky":false,"template":"","format":"standard","meta":{"footnotes":""},"categories":[2],"tags":[172],"class_list":["post-12815","post","type-post","status-publish","format-standard","has-post-thumbnail","hentry","category-policial","tag-featured"],"amp_enabled":true,"_links":{"self":[{"href":"https:\/\/radiostudiow.com.br\/site\/wp-json\/wp\/v2\/posts\/12815","targetHints":{"allow":["GET"]}}],"collection":[{"href":"https:\/\/radiostudiow.com.br\/site\/wp-json\/wp\/v2\/posts"}],"about":[{"href":"https:\/\/radiostudiow.com.br\/site\/wp-json\/wp\/v2\/types\/post"}],"author":[{"embeddable":true,"href":"https:\/\/radiostudiow.com.br\/site\/wp-json\/wp\/v2\/users\/2"}],"replies":[{"embeddable":true,"href":"https:\/\/radiostudiow.com.br\/site\/wp-json\/wp\/v2\/comments?post=12815"}],"version-history":[{"count":2,"href":"https:\/\/radiostudiow.com.br\/site\/wp-json\/wp\/v2\/posts\/12815\/revisions"}],"predecessor-version":[{"id":12819,"href":"https:\/\/radiostudiow.com.br\/site\/wp-json\/wp\/v2\/posts\/12815\/revisions\/12819"}],"wp:featuredmedia":[{"embeddable":true,"href":"https:\/\/radiostudiow.com.br\/site\/wp-json\/wp\/v2\/media\/12816"}],"wp:attachment":[{"href":"https:\/\/radiostudiow.com.br\/site\/wp-json\/wp\/v2\/media?parent=12815"}],"wp:term":[{"taxonomy":"category","embeddable":true,"href":"https:\/\/radiostudiow.com.br\/site\/wp-json\/wp\/v2\/categories?post=12815"},{"taxonomy":"post_tag","embeddable":true,"href":"https:\/\/radiostudiow.com.br\/site\/wp-json\/wp\/v2\/tags?post=12815"}],"curies":[{"name":"wp","href":"https:\/\/api.w.org\/{rel}","templated":true}]}}