{"id":12820,"date":"2023-05-15T21:14:55","date_gmt":"2023-05-16T00:14:55","guid":{"rendered":"https:\/\/radiostudiow.com.br\/site\/?p=12820"},"modified":"2025-01-31T15:06:48","modified_gmt":"2025-01-31T18:06:48","slug":"policia-civil-de-uniao-da-vitoria-desmantela-associacao-criminosa-que-pregava-apologia-ao-nazismo","status":"publish","type":"post","link":"https:\/\/radiostudiow.com.br\/site\/2023\/05\/15\/policia-civil-de-uniao-da-vitoria-desmantela-associacao-criminosa-que-pregava-apologia-ao-nazismo\/","title":{"rendered":"POL\u00cdCIA CIVIL DE UNI\u00c3O DA VIT\u00d3RIA DESMANTELA ASSOCIA\u00c7\u00c3O CRIMINOSA QUE PREGAVA APOLOGIA AO NAZISMO\u00a0"},"content":{"rendered":"\n<p><strong><em>Foram sete mandados de busca e apreens\u00e3o contra pessoas ligadas aos crimes de apologia ao nazismo, associa\u00e7\u00e3o criminosa e incita\u00e7\u00e3o ao crime.<\/em><\/strong><\/p>\n\n\n\n<figure class=\"wp-block-image size-large\"><img decoding=\"async\" src=\"https:\/\/radiostudiow.com.br\/site\/wp-content\/uploads\/2023\/01\/image-3-1024x392.png\" alt=\"\" class=\"wp-image-10452\"\/><\/figure>\n\n\n\n<p>A Pol\u00edcia Civil do Paran\u00e1, por meio dos delegados Andrey Malinovski e Thiers Andregotti, cumpriu na \u00faltima quinta-feira, 11 de maio, em Uni\u00e3o da Vit\u00f3ria \u2013 PR, sete mandados de busca e apreens\u00e3o contra pessoas ligadas aos crimes de apologia ao nazismo, associa\u00e7\u00e3o criminosa e incita\u00e7\u00e3o ao crime.&nbsp;<\/p>\n\n\n\n<p>A opera\u00e7\u00e3o contou com o apoio simult\u00e2neo da Pol\u00edcia Civil de Barra Velha \u2013 SC, e desmantelou uma associa\u00e7\u00e3o criminosa que aliciava pessoas e disseminava a ideologia nazista em Uni\u00e3o da Vit\u00f3ria.&nbsp;<\/p>\n\n\n\n<p>Segundo a apura\u00e7\u00e3o, os integrantes trocavam mensagens cifradas em redes sociais e cada um deles possu\u00eda um codinome atribu\u00eddo a oficiais do alto escal\u00e3o do Terceiro Reich, incluindo Hitler.&nbsp;<\/p>\n\n\n\n<p>O grupo utilizava-se do cumprimento nazista com o bra\u00e7o em noventa graus e a palma da m\u00e3o estendida, seguida da fala SH (Sieg Heil \u2013 salve a vit\u00f3ria), denominava-se como um \u201cex\u00e9rcito da salva\u00e7\u00e3o\u201d e pregava sua ideologia discriminat\u00f3ria e preconceituosa no sentido de combater indiv\u00edduos que aos olhos da organiza\u00e7\u00e3o \u201cn\u00e3o mereciam viver\u201d, os quais, aos olhos do grupo seriam os usu\u00e1rios de drogas, pessoas que utilizam correntes e adere\u00e7os no corpo e tamb\u00e9m aqueles que gostam de ouvir funk e rap.\u00a0<\/p>\n\n\n\n<figure class=\"wp-block-image size-full\"><img decoding=\"async\" src=\"https:\/\/radiostudiow.com.br\/site\/wp-content\/uploads\/2023\/02\/image-26.png\" alt=\"\" class=\"wp-image-11435\"\/><\/figure>\n\n\n\n<p>Ao todo, foram apreendidos cinco computadores, oito celulares, um caderno de anota\u00e7\u00f5es com mensagens cifradas e seus respectivos c\u00f3digos, bem como uma carta contendo as regras do grupo. A investiga\u00e7\u00e3o foi remetida ao Poder Judici\u00e1rio para a responsabiliza\u00e7\u00e3o dos suspeitos.\u00a0Foram sete mandados de busca e apreens\u00e3o contra pessoas ligadas aos crimes de apologia ao nazismo, associa\u00e7\u00e3o criminosa e incita\u00e7\u00e3o ao crime.<\/p>\n\n\n\n<p><em>Fonte\/Fotos:\u00a0Pol\u00edcia Civil<\/em><\/p>\n","protected":false},"excerpt":{"rendered":"<p>Foram sete mandados de busca e apreens\u00e3o contra pessoas ligadas aos crimes de apologia ao nazismo, associa\u00e7\u00e3o criminosa e incita\u00e7\u00e3o ao crime. A Pol\u00edcia Civil do Paran\u00e1, por meio dos delegados Andrey Malinovski e Thiers Andregotti, cumpriu na \u00faltima quinta-feira, 11 de maio, em Uni\u00e3o da Vit\u00f3ria \u2013 PR, sete mandados de busca e apreens\u00e3o [&hellip;]<\/p>\n","protected":false},"author":2,"featured_media":0,"comment_status":"open","ping_status":"open","sticky":false,"template":"","format":"standard","meta":{"footnotes":""},"categories":[2],"tags":[172],"class_list":["post-12820","post","type-post","status-publish","format-standard","hentry","category-policial","tag-featured"],"amp_enabled":true,"_links":{"self":[{"href":"https:\/\/radiostudiow.com.br\/site\/wp-json\/wp\/v2\/posts\/12820","targetHints":{"allow":["GET"]}}],"collection":[{"href":"https:\/\/radiostudiow.com.br\/site\/wp-json\/wp\/v2\/posts"}],"about":[{"href":"https:\/\/radiostudiow.com.br\/site\/wp-json\/wp\/v2\/types\/post"}],"author":[{"embeddable":true,"href":"https:\/\/radiostudiow.com.br\/site\/wp-json\/wp\/v2\/users\/2"}],"replies":[{"embeddable":true,"href":"https:\/\/radiostudiow.com.br\/site\/wp-json\/wp\/v2\/comments?post=12820"}],"version-history":[{"count":1,"href":"https:\/\/radiostudiow.com.br\/site\/wp-json\/wp\/v2\/posts\/12820\/revisions"}],"predecessor-version":[{"id":12822,"href":"https:\/\/radiostudiow.com.br\/site\/wp-json\/wp\/v2\/posts\/12820\/revisions\/12822"}],"wp:attachment":[{"href":"https:\/\/radiostudiow.com.br\/site\/wp-json\/wp\/v2\/media?parent=12820"}],"wp:term":[{"taxonomy":"category","embeddable":true,"href":"https:\/\/radiostudiow.com.br\/site\/wp-json\/wp\/v2\/categories?post=12820"},{"taxonomy":"post_tag","embeddable":true,"href":"https:\/\/radiostudiow.com.br\/site\/wp-json\/wp\/v2\/tags?post=12820"}],"curies":[{"name":"wp","href":"https:\/\/api.w.org\/{rel}","templated":true}]}}