{"id":12823,"date":"2023-05-16T09:59:49","date_gmt":"2023-05-16T12:59:49","guid":{"rendered":"https:\/\/radiostudiow.com.br\/site\/?p=12823"},"modified":"2025-01-31T15:06:48","modified_gmt":"2025-01-31T18:06:48","slug":"dois-adultos-e-duas-criancas-ficam-feridas-em-acidente-em-sao-mateus-do-sul","status":"publish","type":"post","link":"https:\/\/radiostudiow.com.br\/site\/2023\/05\/16\/dois-adultos-e-duas-criancas-ficam-feridas-em-acidente-em-sao-mateus-do-sul\/","title":{"rendered":"DOIS ADULTOS E DUAS CRIAN\u00c7AS FICAM FERIDAS EM ACIDENTE EM S\u00c3O MATEUS DO SUL"},"content":{"rendered":"\n<p><strong><em>No local o Corpo de Bombeiros e SAMU prestou socorro para quatro v\u00edtimas sendo dois adultos, homem (condutor), mulher e duas crian\u00e7as.<\/em><\/strong><\/p>\n\n\n\n<figure class=\"wp-block-image size-full\"><img decoding=\"async\" src=\"https:\/\/radiostudiow.com.br\/site\/wp-content\/uploads\/2023\/02\/image-20.png\" alt=\"\" class=\"wp-image-11402\"\/><\/figure>\n\n\n\n<p>O&nbsp;Corpo de Bombeiros e SAMU foram acionados para atender um acidente na estrada da Col\u00f4nia Igua\u00e7u, pr\u00f3ximo a BR 476 na manh\u00e3 desta ter\u00e7a-feira (16).&nbsp;<\/p>\n\n\n\n<p>No local foi prestado socorro para quatro v\u00edtimas sendo dois adultos, homem (condutor), mulher e duas crian\u00e7as, todos com ferimentos sendo encaminhados ao pronto atendimento municipal.&nbsp;<\/p>\n\n\n\n<p>Segundo informa\u00e7\u00f5es para n\u00e3o colidir com outro ve\u00edculo, o GM Celta saiu fora da estrada e colidiu contra um Pinheiro.&nbsp;<\/p>\n\n\n\n<p>A Pol\u00edcia Militar foi acionada para deslocar at\u00e9 o local e confeccionar o boletim de acidente. Os nomes das v\u00edtimas n\u00e3o foram divulgados.\u00a0<\/p>\n\n\n\n<figure class=\"wp-block-image size-full\"><img decoding=\"async\" src=\"https:\/\/radiostudiow.com.br\/site\/wp-content\/uploads\/2023\/02\/image-12.png\" alt=\"\" class=\"wp-image-11282\"\/><\/figure>\n\n\n\n<figure class=\"wp-block-image size-large\"><img loading=\"lazy\" decoding=\"async\" width=\"1024\" height=\"1024\" src=\"https:\/\/radiostudiow.com.br\/site\/wp-content\/uploads\/2023\/05\/IMG-20230516-WA0000-1024x1024.jpg\" alt=\"\" class=\"wp-image-12825\" srcset=\"https:\/\/radiostudiow.com.br\/site\/wp-content\/uploads\/2023\/05\/IMG-20230516-WA0000-1024x1024.jpg 1024w, https:\/\/radiostudiow.com.br\/site\/wp-content\/uploads\/2023\/05\/IMG-20230516-WA0000-300x300.jpg 300w, https:\/\/radiostudiow.com.br\/site\/wp-content\/uploads\/2023\/05\/IMG-20230516-WA0000-768x768.jpg 768w, https:\/\/radiostudiow.com.br\/site\/wp-content\/uploads\/2023\/05\/IMG-20230516-WA0000-80x80.jpg 80w, https:\/\/radiostudiow.com.br\/site\/wp-content\/uploads\/2023\/05\/IMG-20230516-WA0000.jpg 1080w\" sizes=\"auto, (max-width: 1024px) 100vw, 1024px\" \/><figcaption class=\"wp-element-caption\">Fotos: Clic Sul News<\/figcaption><\/figure>\n\n\n\n<p><em><strong>Fonte e Fotos: Clic Sul News<\/strong><\/em><\/p>\n","protected":false},"excerpt":{"rendered":"<p>No local o Corpo de Bombeiros e SAMU prestou socorro para quatro v\u00edtimas sendo dois adultos, homem (condutor), mulher e duas crian\u00e7as. O&nbsp;Corpo de Bombeiros e SAMU foram acionados para atender um acidente na estrada da Col\u00f4nia Igua\u00e7u, pr\u00f3ximo a BR 476 na manh\u00e3 desta ter\u00e7a-feira (16).&nbsp; No local foi prestado socorro para quatro v\u00edtimas [&hellip;]<\/p>\n","protected":false},"author":2,"featured_media":12824,"comment_status":"open","ping_status":"open","sticky":false,"template":"","format":"standard","meta":{"footnotes":""},"categories":[2],"tags":[172],"class_list":["post-12823","post","type-post","status-publish","format-standard","has-post-thumbnail","hentry","category-policial","tag-featured"],"amp_enabled":true,"_links":{"self":[{"href":"https:\/\/radiostudiow.com.br\/site\/wp-json\/wp\/v2\/posts\/12823","targetHints":{"allow":["GET"]}}],"collection":[{"href":"https:\/\/radiostudiow.com.br\/site\/wp-json\/wp\/v2\/posts"}],"about":[{"href":"https:\/\/radiostudiow.com.br\/site\/wp-json\/wp\/v2\/types\/post"}],"author":[{"embeddable":true,"href":"https:\/\/radiostudiow.com.br\/site\/wp-json\/wp\/v2\/users\/2"}],"replies":[{"embeddable":true,"href":"https:\/\/radiostudiow.com.br\/site\/wp-json\/wp\/v2\/comments?post=12823"}],"version-history":[{"count":1,"href":"https:\/\/radiostudiow.com.br\/site\/wp-json\/wp\/v2\/posts\/12823\/revisions"}],"predecessor-version":[{"id":12826,"href":"https:\/\/radiostudiow.com.br\/site\/wp-json\/wp\/v2\/posts\/12823\/revisions\/12826"}],"wp:featuredmedia":[{"embeddable":true,"href":"https:\/\/radiostudiow.com.br\/site\/wp-json\/wp\/v2\/media\/12824"}],"wp:attachment":[{"href":"https:\/\/radiostudiow.com.br\/site\/wp-json\/wp\/v2\/media?parent=12823"}],"wp:term":[{"taxonomy":"category","embeddable":true,"href":"https:\/\/radiostudiow.com.br\/site\/wp-json\/wp\/v2\/categories?post=12823"},{"taxonomy":"post_tag","embeddable":true,"href":"https:\/\/radiostudiow.com.br\/site\/wp-json\/wp\/v2\/tags?post=12823"}],"curies":[{"name":"wp","href":"https:\/\/api.w.org\/{rel}","templated":true}]}}