{"id":12827,"date":"2023-05-16T10:35:01","date_gmt":"2023-05-16T13:35:01","guid":{"rendered":"https:\/\/radiostudiow.com.br\/site\/?p=12827"},"modified":"2025-01-31T15:06:48","modified_gmt":"2025-01-31T18:06:48","slug":"saude-incorpora-ao-sus-dois-medicamentos-contra-anemia","status":"publish","type":"post","link":"https:\/\/radiostudiow.com.br\/site\/2023\/05\/16\/saude-incorpora-ao-sus-dois-medicamentos-contra-anemia\/","title":{"rendered":"SA\u00daDE INCORPORA AO SUS DOIS MEDICAMENTOS CONTRA ANEMIA"},"content":{"rendered":"\n<p><em><strong>A anemia \u00e9 uma doen\u00e7a que causa a redu\u00e7\u00e3o da concentra\u00e7\u00e3o de hemoglobina, prote\u00edna respons\u00e1vel por transportar o oxig\u00eanio pelo sangue. Crian\u00e7as, gestantes, lactantes, meninas adolescentes e mulheres adultas em fase de reprodu\u00e7\u00e3o s\u00e3o os grupos mais afetados.\u00a0<\/strong><\/em><\/p>\n\n\n\n<figure class=\"wp-block-image size-full\"><img decoding=\"async\" src=\"https:\/\/radiostudiow.com.br\/site\/wp-content\/uploads\/2023\/02\/image-21.png\" alt=\"\" class=\"wp-image-11405\"\/><\/figure>\n\n\n\n<p>O Minist\u00e9rio da Sa\u00fade incorporou ao Sistema \u00danico de Sa\u00fade (SUS) dois medicamentos para tratamento da anemia. A previs\u00e3o \u00e9 que a ferripolimaltose e a carboximaltose f\u00e9rrica estejam dispon\u00edveis no sistema p\u00fablico de sa\u00fade em at\u00e9 180 dias.&nbsp;<\/p>\n\n\n\n<p>Segundo a pasta, a ferripolimaltose \u00e9 indicada para o tratamento da anemia por defici\u00eancia de ferro e intoler\u00e2ncia ao sulfato ferroso, enquanto a carboximaltose f\u00e9rrica \u00e9 indicada para adultos com anemia por defici\u00eancia de ferro e intoler\u00e2ncia ou contraindica\u00e7\u00e3o aos sais orais de ferro.&nbsp;<\/p>\n\n\n\n<p>A anemia \u00e9 uma doen\u00e7a que causa a redu\u00e7\u00e3o da concentra\u00e7\u00e3o de hemoglobina, prote\u00edna respons\u00e1vel por transportar o oxig\u00eanio pelo sangue. Crian\u00e7as, gestantes, lactantes, meninas adolescentes e mulheres adultas em fase de reprodu\u00e7\u00e3o s\u00e3o os grupos mais afetados.\u00a0<\/p>\n\n\n\n<figure class=\"wp-block-image size-full\"><img decoding=\"async\" src=\"https:\/\/radiostudiow.com.br\/site\/wp-content\/uploads\/2023\/02\/image-22.png\" alt=\"\" class=\"wp-image-11406\"\/><\/figure>\n\n\n\n<p><em>\u201cO Minist\u00e9rio da Sa\u00fade refor\u00e7a que somente m\u00e9dicos e cirurgi\u00f5es-dentistas devidamente habilitados podem diagnosticar doen\u00e7as, indicar tratamentos e receitar rem\u00e9dios para tratamento\u201d, destacou a pasta.\u00a0<\/em><\/p>\n","protected":false},"excerpt":{"rendered":"<p>A anemia \u00e9 uma doen\u00e7a que causa a redu\u00e7\u00e3o da concentra\u00e7\u00e3o de hemoglobina, prote\u00edna respons\u00e1vel por transportar o oxig\u00eanio pelo sangue. Crian\u00e7as, gestantes, lactantes, meninas adolescentes e mulheres adultas em fase de reprodu\u00e7\u00e3o s\u00e3o os grupos mais afetados.\u00a0 O Minist\u00e9rio da Sa\u00fade incorporou ao Sistema \u00danico de Sa\u00fade (SUS) dois medicamentos para tratamento da anemia. [&hellip;]<\/p>\n","protected":false},"author":2,"featured_media":0,"comment_status":"open","ping_status":"open","sticky":false,"template":"","format":"standard","meta":{"footnotes":""},"categories":[2],"tags":[172],"class_list":["post-12827","post","type-post","status-publish","format-standard","hentry","category-policial","tag-featured"],"amp_enabled":true,"_links":{"self":[{"href":"https:\/\/radiostudiow.com.br\/site\/wp-json\/wp\/v2\/posts\/12827","targetHints":{"allow":["GET"]}}],"collection":[{"href":"https:\/\/radiostudiow.com.br\/site\/wp-json\/wp\/v2\/posts"}],"about":[{"href":"https:\/\/radiostudiow.com.br\/site\/wp-json\/wp\/v2\/types\/post"}],"author":[{"embeddable":true,"href":"https:\/\/radiostudiow.com.br\/site\/wp-json\/wp\/v2\/users\/2"}],"replies":[{"embeddable":true,"href":"https:\/\/radiostudiow.com.br\/site\/wp-json\/wp\/v2\/comments?post=12827"}],"version-history":[{"count":1,"href":"https:\/\/radiostudiow.com.br\/site\/wp-json\/wp\/v2\/posts\/12827\/revisions"}],"predecessor-version":[{"id":12829,"href":"https:\/\/radiostudiow.com.br\/site\/wp-json\/wp\/v2\/posts\/12827\/revisions\/12829"}],"wp:attachment":[{"href":"https:\/\/radiostudiow.com.br\/site\/wp-json\/wp\/v2\/media?parent=12827"}],"wp:term":[{"taxonomy":"category","embeddable":true,"href":"https:\/\/radiostudiow.com.br\/site\/wp-json\/wp\/v2\/categories?post=12827"},{"taxonomy":"post_tag","embeddable":true,"href":"https:\/\/radiostudiow.com.br\/site\/wp-json\/wp\/v2\/tags?post=12827"}],"curies":[{"name":"wp","href":"https:\/\/api.w.org\/{rel}","templated":true}]}}