{"id":12835,"date":"2023-05-16T17:43:30","date_gmt":"2023-05-16T20:43:30","guid":{"rendered":"https:\/\/radiostudiow.com.br\/site\/?p=12835"},"modified":"2025-01-31T15:06:48","modified_gmt":"2025-01-31T18:06:48","slug":"pm-prende-homem-com-droga-no-bairro-jardim-emilia","status":"publish","type":"post","link":"https:\/\/radiostudiow.com.br\/site\/2023\/05\/16\/pm-prende-homem-com-droga-no-bairro-jardim-emilia\/","title":{"rendered":"PM PRENDE HOMEM COM DROGA NO BAIRRO JARDIM EM\u00cdLIA\u00a0"},"content":{"rendered":"\n<figure class=\"wp-block-image size-full\"><img decoding=\"async\" src=\"https:\/\/radiostudiow.com.br\/site\/wp-content\/uploads\/2023\/02\/image-21.png\" alt=\"\" class=\"wp-image-11405\"\/><\/figure>\n\n\n\n<p>\u00c0s 21:30 horas dessa segunda-feira, 15 de maio, durante patrulhamento da Pol\u00edcia Militar de Mallet no bairro Jardim Em\u00edlia foi apreendido drogas com um homem que estaca em via p\u00fablica.&nbsp;<\/p>\n\n\n\n<p>O autor apresentou nervosismo ao visualizar a equipe policial,&nbsp;procedida a abordagem e identificado o homem, em revista pessoal nada de il\u00edcito foi encontrado com o mesmo, por\u00e9m, em buscas pr\u00f3ximo ao local foi localizado uma sacola pl\u00e1stica e no interior uma quantidade de subst\u00e2ncia an\u00e1loga a maconha. Posteriormente pesada totalizou 2,8 gramas.&nbsp;<\/p>\n\n\n\n<p>Diante da situa\u00e7\u00e3o foi dado voz de pris\u00e3o ao autor, que ap\u00f3s foram lidos seus direitos constitucionais. Posteriormente deslocado at\u00e9 o pelot\u00e3o da pol\u00edcia militar de Mallet para confec\u00e7\u00e3o do termo circunstanciado.&nbsp;<\/p>\n\n\n\n<figure class=\"wp-block-image size-large\"><img decoding=\"async\" src=\"https:\/\/radiostudiow.com.br\/site\/wp-content\/uploads\/2023\/03\/333961748_218140324032662_8763106638246866213_n-1024x452.png\" alt=\"\" class=\"wp-image-11670\"\/><\/figure>\n","protected":false},"excerpt":{"rendered":"<p>\u00c0s 21:30 horas dessa segunda-feira, 15 de maio, durante patrulhamento da Pol\u00edcia Militar de Mallet no bairro Jardim Em\u00edlia foi apreendido drogas com um homem que estaca em via p\u00fablica.&nbsp; O autor apresentou nervosismo ao visualizar a equipe policial,&nbsp;procedida a abordagem e identificado o homem, em revista pessoal nada de il\u00edcito foi encontrado com o [&hellip;]<\/p>\n","protected":false},"author":2,"featured_media":12851,"comment_status":"open","ping_status":"open","sticky":false,"template":"","format":"standard","meta":{"footnotes":""},"categories":[2],"tags":[172],"class_list":["post-12835","post","type-post","status-publish","format-standard","has-post-thumbnail","hentry","category-policial","tag-featured"],"amp_enabled":true,"_links":{"self":[{"href":"https:\/\/radiostudiow.com.br\/site\/wp-json\/wp\/v2\/posts\/12835","targetHints":{"allow":["GET"]}}],"collection":[{"href":"https:\/\/radiostudiow.com.br\/site\/wp-json\/wp\/v2\/posts"}],"about":[{"href":"https:\/\/radiostudiow.com.br\/site\/wp-json\/wp\/v2\/types\/post"}],"author":[{"embeddable":true,"href":"https:\/\/radiostudiow.com.br\/site\/wp-json\/wp\/v2\/users\/2"}],"replies":[{"embeddable":true,"href":"https:\/\/radiostudiow.com.br\/site\/wp-json\/wp\/v2\/comments?post=12835"}],"version-history":[{"count":3,"href":"https:\/\/radiostudiow.com.br\/site\/wp-json\/wp\/v2\/posts\/12835\/revisions"}],"predecessor-version":[{"id":12852,"href":"https:\/\/radiostudiow.com.br\/site\/wp-json\/wp\/v2\/posts\/12835\/revisions\/12852"}],"wp:featuredmedia":[{"embeddable":true,"href":"https:\/\/radiostudiow.com.br\/site\/wp-json\/wp\/v2\/media\/12851"}],"wp:attachment":[{"href":"https:\/\/radiostudiow.com.br\/site\/wp-json\/wp\/v2\/media?parent=12835"}],"wp:term":[{"taxonomy":"category","embeddable":true,"href":"https:\/\/radiostudiow.com.br\/site\/wp-json\/wp\/v2\/categories?post=12835"},{"taxonomy":"post_tag","embeddable":true,"href":"https:\/\/radiostudiow.com.br\/site\/wp-json\/wp\/v2\/tags?post=12835"}],"curies":[{"name":"wp","href":"https:\/\/api.w.org\/{rel}","templated":true}]}}