{"id":12855,"date":"2023-05-17T11:26:52","date_gmt":"2023-05-17T14:26:52","guid":{"rendered":"https:\/\/radiostudiow.com.br\/site\/?p=12855"},"modified":"2025-01-31T15:06:48","modified_gmt":"2025-01-31T18:06:48","slug":"mpsc-denuncia-10-suspeitos-por-chacina-que-envolveu-moradores-da-regiao-de-uniao-da-vitoria","status":"publish","type":"post","link":"https:\/\/radiostudiow.com.br\/site\/2023\/05\/17\/mpsc-denuncia-10-suspeitos-por-chacina-que-envolveu-moradores-da-regiao-de-uniao-da-vitoria\/","title":{"rendered":"MPSC DENUNCIA 10 SUSPEITOS POR CHACINA QUE ENVOLVEU MORADORES DA REGI\u00c3O DE UNI\u00c3O DA VIT\u00d3RIA"},"content":{"rendered":"\n<p><br><strong><em>O Minist\u00e9rio P\u00fablico de Santa Catarina (MPSC) denunciou 10 pessoas suspeitas de cometerem sete homic\u00eddios e tr\u00eas tentativas de homic\u00eddio em janeiro de 2023 em Joinville. Eles tamb\u00e9m foram denunciados pelos crimes conexos de sequestro, c\u00e1rcere privado, participa\u00e7\u00e3o em organiza\u00e7\u00e3o criminosa, dano qualificado de autom\u00f3vel e oculta\u00e7\u00e3o de cad\u00e1ver.\u00a0<\/em><\/strong><\/p>\n\n\n\n<figure class=\"wp-block-image size-full\"><img decoding=\"async\" src=\"https:\/\/radiostudiow.com.br\/site\/wp-content\/uploads\/2023\/05\/image.png\" alt=\"\" class=\"wp-image-12658\"\/><\/figure>\n\n\n\n<p>A Promotora de Justi\u00e7a Substituta da Comarca de Joinville Adriane Nicoli Graciano requereu que os denunciados sejam submetidos ao Tribunal do J\u00fari. A den\u00fancia j\u00e1 foi recebida pelo Judici\u00e1rio e todos os acusados se tornaram r\u00e9us na a\u00e7\u00e3o penal p\u00fablica.\u00a0<\/p>\n\n\n\n<p>Segundo relata a den\u00fancia do MPSC, no dia 8 de janeiro de 2023, pr\u00f3ximo das 09:25 horas, na Estrada Serrinha, bairro Vila Nova, em Joinville, foram localizados seis corpos, em avan\u00e7ado estado de carboniza\u00e7\u00e3o, no interior de um autom\u00f3vel da marca Fiat, cor preta.\u00a0<\/p>\n\n\n\n<p>No dia anterior aos fatos, uma das v\u00edtimas teria se dirigido at\u00e9 um bar ou \u201cbail\u00e3o\u201d. Nesse local, teria se desentendido com uma das denunciadas, integrante de fac\u00e7\u00e3o criminosa. Conforme consta na a\u00e7\u00e3o penal, a v\u00edtima fez um gesto com a m\u00e3o indicando a numera\u00e7\u00e3o \u201c3\u201d com os dedos, dando a entender que pertenceria \u00e0 fac\u00e7\u00e3o criminosa rival. Em seguida, teria retornado \u00e0 resid\u00eancia onde morava com as demais v\u00edtimas para tentar se esconder de integrantes da organiza\u00e7\u00e3o criminosa. Por\u00e9m, os denunciados invadiram o im\u00f3vel e abordaram todos que l\u00e1 se encontravam.\u00a0<\/p>\n\n\n\n<p>Ap\u00f3s a ordem de uma das suspeitas, que seria a disciplina da organiza\u00e7\u00e3o criminosa na regi\u00e3o do bairro Morro do Meio, o grupo sequestrou as v\u00edtimas e as manteve em c\u00e1rcere privado.&nbsp;<\/p>\n\n\n\n<figure class=\"wp-block-image size-full\"><img decoding=\"async\" src=\"https:\/\/radiostudiow.com.br\/site\/wp-content\/uploads\/2023\/04\/image-12.png\" alt=\"\" class=\"wp-image-12488\"\/><\/figure>\n\n\n\n<p>De acordo com o inqu\u00e9rito policial, as v\u00edtimas foram separadas. Tr\u00eas delas foram levadas para a \u00e1rea externa do im\u00f3vel, enquanto os demais continuaram no interior da resid\u00eancia. Ap\u00f3s a divis\u00e3o, os r\u00e9us localizaram uma outra v\u00edtima nos fundos do im\u00f3vel. Esta, que seria o alvo da a\u00e7\u00e3o dos criminosos, foi espancada, morta e decapitada.&nbsp;&nbsp;<\/p>\n\n\n\n<p>Dentro do im\u00f3vel, os r\u00e9us amarraram as v\u00edtimas e espancaram-nas. Enquanto o crime ocorria, uma v\u00edtima conseguiu fugir do local. No entanto, ao retornar \u00e0 resid\u00eancia, tamb\u00e9m foi capturada e amarrada pelos denunciados.&nbsp;<\/p>\n\n\n\n<p>A a\u00e7\u00e3o penal detalha que, ap\u00f3s as agress\u00f5es, os suspeitos colocaram um corpo no porta-malas do autom\u00f3vel Fiat Uno, cor preta, e sequestraram os demais. Conforme apurado, no ve\u00edculo, al\u00e9m do corpo, foram levadas outras duas v\u00edtimas. Em um segundo autom\u00f3vel, tamb\u00e9m do modelo Fiat Uno, cor prata, foram colocadas tr\u00eas pessoas amarradas, assim como as demais v\u00edtimas, que foram levadas em um terceiro carro, da marca GM, modelo Celta, de cor prata.&nbsp;&nbsp;<\/p>\n\n\n\n<p>Com os tr\u00eas ve\u00edculos, o grupo seguiu at\u00e9 o bairro Vila Nova com o objetivo de tirar a vida das v\u00edtimas que tinham em seu poder e ocultar os seus cad\u00e1veres. Durante o trajeto, o Celta estragou e foi abandonado, e os r\u00e9us n\u00e3o mataram as tr\u00eas v\u00edtimas que levavam. Posteriormente, ap\u00f3s \u00e0s 5 horas do dia 8 de janeiro, nas imedia\u00e7\u00f5es do bairro Vila Nova, os denunciados tiraram a vida das v\u00edtimas com v\u00e1rios tiros na regi\u00e3o da cabe\u00e7a.<\/p>\n\n\n\n<p>Ap\u00f3s o ato criminoso, colocaram os corpos no interior do autom\u00f3vel e atearam fogo ao ve\u00edculo. Ent\u00e3o, ocultaram o cad\u00e1ver de uma das v\u00edtimas em meio a uma planta\u00e7\u00e3o de pupunha nas imedia\u00e7\u00f5es da Estrada Duas Mamas, no bairro Vila Nova. Na sequ\u00eancia, retornaram ao autom\u00f3vel Fiat Uno prata, que foi abandonado no bairro Morro do Meio.&nbsp;<\/p>\n\n\n\n<figure class=\"wp-block-image size-large\"><img decoding=\"async\" src=\"https:\/\/radiostudiow.com.br\/site\/wp-content\/uploads\/2023\/03\/333961748_218140324032662_8763106638246866213_n-1024x452.png\" alt=\"\" class=\"wp-image-11670\"\/><\/figure>\n\n\n\n<p>Para a promotora de Justi\u00e7a Substituta da Comarca de Joinville Adriane Nicoli Graciano, \u201cas tentativas de homic\u00eddio e os homic\u00eddios foram cometidos por motivo torpe, uma vez que os denunciados, integrantes da fac\u00e7\u00e3o criminosa, acreditavam que as v\u00edtimas pertenciam a grupo criminoso rival\u201d.&nbsp;<\/p>\n\n\n\n<p>Ela ressalta que os homic\u00eddios foram cometidos com emprego de meio cruel, pois, antes de efetuarem os disparos de arma de fogo, espancaram intensamente as v\u00edtimas, causando-lhes sofrimento desnecess\u00e1rio, e uma das v\u00edtimas teve sua cabe\u00e7a decapitada. \u201cAl\u00e9m disso, agiram para impossibilitar a defesa das v\u00edtimas, pois amarraram seus membros, impedindo que esbo\u00e7assem qualquer rea\u00e7\u00e3o defensiva\u201d, ressaltou a promotora de Justi\u00e7a.&nbsp;<\/p>\n","protected":false},"excerpt":{"rendered":"<p>O Minist\u00e9rio P\u00fablico de Santa Catarina (MPSC) denunciou 10 pessoas suspeitas de cometerem sete homic\u00eddios e tr\u00eas tentativas de homic\u00eddio em janeiro de 2023 em Joinville. Eles tamb\u00e9m foram denunciados pelos crimes conexos de sequestro, c\u00e1rcere privado, participa\u00e7\u00e3o em organiza\u00e7\u00e3o criminosa, dano qualificado de autom\u00f3vel e oculta\u00e7\u00e3o de cad\u00e1ver.\u00a0 A Promotora de Justi\u00e7a Substituta da [&hellip;]<\/p>\n","protected":false},"author":2,"featured_media":12856,"comment_status":"open","ping_status":"open","sticky":false,"template":"","format":"standard","meta":{"footnotes":""},"categories":[2],"tags":[172],"class_list":["post-12855","post","type-post","status-publish","format-standard","has-post-thumbnail","hentry","category-policial","tag-featured"],"amp_enabled":true,"_links":{"self":[{"href":"https:\/\/radiostudiow.com.br\/site\/wp-json\/wp\/v2\/posts\/12855","targetHints":{"allow":["GET"]}}],"collection":[{"href":"https:\/\/radiostudiow.com.br\/site\/wp-json\/wp\/v2\/posts"}],"about":[{"href":"https:\/\/radiostudiow.com.br\/site\/wp-json\/wp\/v2\/types\/post"}],"author":[{"embeddable":true,"href":"https:\/\/radiostudiow.com.br\/site\/wp-json\/wp\/v2\/users\/2"}],"replies":[{"embeddable":true,"href":"https:\/\/radiostudiow.com.br\/site\/wp-json\/wp\/v2\/comments?post=12855"}],"version-history":[{"count":1,"href":"https:\/\/radiostudiow.com.br\/site\/wp-json\/wp\/v2\/posts\/12855\/revisions"}],"predecessor-version":[{"id":12857,"href":"https:\/\/radiostudiow.com.br\/site\/wp-json\/wp\/v2\/posts\/12855\/revisions\/12857"}],"wp:featuredmedia":[{"embeddable":true,"href":"https:\/\/radiostudiow.com.br\/site\/wp-json\/wp\/v2\/media\/12856"}],"wp:attachment":[{"href":"https:\/\/radiostudiow.com.br\/site\/wp-json\/wp\/v2\/media?parent=12855"}],"wp:term":[{"taxonomy":"category","embeddable":true,"href":"https:\/\/radiostudiow.com.br\/site\/wp-json\/wp\/v2\/categories?post=12855"},{"taxonomy":"post_tag","embeddable":true,"href":"https:\/\/radiostudiow.com.br\/site\/wp-json\/wp\/v2\/tags?post=12855"}],"curies":[{"name":"wp","href":"https:\/\/api.w.org\/{rel}","templated":true}]}}