{"id":12866,"date":"2023-05-17T12:03:06","date_gmt":"2023-05-17T15:03:06","guid":{"rendered":"https:\/\/radiostudiow.com.br\/site\/?p=12866"},"modified":"2025-01-31T15:06:48","modified_gmt":"2025-01-31T18:06:48","slug":"mais-um-acidente-registrado-na-br-153-entre-mallet-e-rio-azul","status":"publish","type":"post","link":"https:\/\/radiostudiow.com.br\/site\/2023\/05\/17\/mais-um-acidente-registrado-na-br-153-entre-mallet-e-rio-azul\/","title":{"rendered":"MAIS UM ACIDENTE REGISTRADO NA BR 153 ENTRE MALLET E RIO AZUL"},"content":{"rendered":"\n<figure class=\"wp-block-image size-full\"><img decoding=\"async\" src=\"https:\/\/radiostudiow.com.br\/site\/wp-content\/uploads\/2023\/05\/image-2.png\" alt=\"\" class=\"wp-image-12867\"\/><\/figure>\n\n\n\n<p>No in\u00edcio da manh\u00e3 desta quarta-feira (17), mais um acidente foi registrado na Rodovia BR 153 entre os munic\u00edpios de Mallet e Rio Azul.<\/p>\n\n\n\n<p>De acordo com as primeiras informa\u00e7\u00f5es teria ocorrido a colis\u00e3o de um ve\u00edculo Palio na lateral de um caminh\u00e3o que vinha sentindo contr\u00e1rio.<\/p>\n\n\n\n<p>As equipes do SAMU est\u00e3o no local prestando os primeiros atendimentos.<\/p>\n\n\n\n<p>Muito cuidado ao transitar no local, pois os ve\u00edculos est\u00e3o na pista e h\u00e1 muita neblina dificultando a vis\u00e3o dos condutores<\/p>\n\n\n\n<p>A R\u00e1dio Studio W est\u00e1 apurando as informa\u00e7\u00f5es e atualizar\u00e1 dentro de instantes.<\/p>\n\n\n\n<p>Foto: Redes Sociais<\/p>\n\n\n\n<figure class=\"wp-block-image size-full\"><img decoding=\"async\" src=\"https:\/\/radiostudiow.com.br\/site\/wp-content\/uploads\/2023\/05\/image-3.png\" alt=\"\" class=\"wp-image-12868\"\/><\/figure>\n","protected":false},"excerpt":{"rendered":"<p>No in\u00edcio da manh\u00e3 desta quarta-feira (17), mais um acidente foi registrado na Rodovia BR 153 entre os munic\u00edpios de Mallet e Rio Azul. De acordo com as primeiras informa\u00e7\u00f5es teria ocorrido a colis\u00e3o de um ve\u00edculo Palio na lateral de um caminh\u00e3o que vinha sentindo contr\u00e1rio. As equipes do SAMU est\u00e3o no local prestando [&hellip;]<\/p>\n","protected":false},"author":2,"featured_media":12869,"comment_status":"open","ping_status":"open","sticky":false,"template":"","format":"standard","meta":{"footnotes":""},"categories":[2],"tags":[172],"class_list":["post-12866","post","type-post","status-publish","format-standard","has-post-thumbnail","hentry","category-policial","tag-featured"],"amp_enabled":true,"_links":{"self":[{"href":"https:\/\/radiostudiow.com.br\/site\/wp-json\/wp\/v2\/posts\/12866","targetHints":{"allow":["GET"]}}],"collection":[{"href":"https:\/\/radiostudiow.com.br\/site\/wp-json\/wp\/v2\/posts"}],"about":[{"href":"https:\/\/radiostudiow.com.br\/site\/wp-json\/wp\/v2\/types\/post"}],"author":[{"embeddable":true,"href":"https:\/\/radiostudiow.com.br\/site\/wp-json\/wp\/v2\/users\/2"}],"replies":[{"embeddable":true,"href":"https:\/\/radiostudiow.com.br\/site\/wp-json\/wp\/v2\/comments?post=12866"}],"version-history":[{"count":1,"href":"https:\/\/radiostudiow.com.br\/site\/wp-json\/wp\/v2\/posts\/12866\/revisions"}],"predecessor-version":[{"id":12870,"href":"https:\/\/radiostudiow.com.br\/site\/wp-json\/wp\/v2\/posts\/12866\/revisions\/12870"}],"wp:featuredmedia":[{"embeddable":true,"href":"https:\/\/radiostudiow.com.br\/site\/wp-json\/wp\/v2\/media\/12869"}],"wp:attachment":[{"href":"https:\/\/radiostudiow.com.br\/site\/wp-json\/wp\/v2\/media?parent=12866"}],"wp:term":[{"taxonomy":"category","embeddable":true,"href":"https:\/\/radiostudiow.com.br\/site\/wp-json\/wp\/v2\/categories?post=12866"},{"taxonomy":"post_tag","embeddable":true,"href":"https:\/\/radiostudiow.com.br\/site\/wp-json\/wp\/v2\/tags?post=12866"}],"curies":[{"name":"wp","href":"https:\/\/api.w.org\/{rel}","templated":true}]}}