{"id":12877,"date":"2023-05-18T10:16:49","date_gmt":"2023-05-18T13:16:49","guid":{"rendered":"https:\/\/radiostudiow.com.br\/site\/?p=12877"},"modified":"2025-01-31T15:06:47","modified_gmt":"2025-01-31T18:06:47","slug":"acidente-na-br-153-deixa-motorista-em-estado-grave","status":"publish","type":"post","link":"https:\/\/radiostudiow.com.br\/site\/2023\/05\/18\/acidente-na-br-153-deixa-motorista-em-estado-grave\/","title":{"rendered":"ACIDENTE NA BR-153 DEIXA MOTORISTA EM ESTADO GRAVE"},"content":{"rendered":"\n<figure class=\"wp-block-image size-full\"><img decoding=\"async\" src=\"https:\/\/radiostudiow.com.br\/site\/wp-content\/uploads\/2023\/05\/image-3.png\" alt=\"\" class=\"wp-image-12868\"\/><\/figure>\n\n\n\n<p><\/p>\n\n\n\n<p>A equipe dos bombeiros Comunit\u00e1rios de General Carneiro atenderam uma\u00a0sa\u00edda de pista na BR-153 no KM 01 em \u00c1gua Doce na noite desta quarta-feira (17).<\/p>\n\n\n\n<p>O acidente ocorreu por volta das 19:30 horas envolveu um caminh\u00e3o Mercedes Benz de cor branca com placas de Marilena\/PR e ocorreu sentido General Carneiro. O ve\u00edculo transportava su\u00ednos e ficou destru\u00eddo.<\/p>\n\n\n\n<p>O condutor do caminh\u00e3o foi resgatado pelos bombeiros e encaminhado pelo SAMU ao hospital Regional S\u00e3o Camilo de Uni\u00e3o da Vit\u00f3ria em estado grave.<\/p>\n\n\n\n<figure class=\"wp-block-image size-full\"><img decoding=\"async\" src=\"https:\/\/radiostudiow.com.br\/site\/wp-content\/uploads\/2023\/05\/SITE-MEDIO.png\" alt=\"\" class=\"wp-image-12661\"\/><\/figure>\n\n\n\n<p><\/p>\n\n\n\n<figure class=\"wp-block-image size-full\"><img loading=\"lazy\" decoding=\"async\" width=\"720\" height=\"540\" src=\"https:\/\/radiostudiow.com.br\/site\/wp-content\/uploads\/2023\/05\/editor-6465943fcbce3-720x540-1.jpg\" alt=\"\" class=\"wp-image-12879\" srcset=\"https:\/\/radiostudiow.com.br\/site\/wp-content\/uploads\/2023\/05\/editor-6465943fcbce3-720x540-1.jpg 720w, https:\/\/radiostudiow.com.br\/site\/wp-content\/uploads\/2023\/05\/editor-6465943fcbce3-720x540-1-300x225.jpg 300w\" sizes=\"auto, (max-width: 720px) 100vw, 720px\" \/><\/figure>\n","protected":false},"excerpt":{"rendered":"<p>A equipe dos bombeiros Comunit\u00e1rios de General Carneiro atenderam uma\u00a0sa\u00edda de pista na BR-153 no KM 01 em \u00c1gua Doce na noite desta quarta-feira (17). O acidente ocorreu por volta das 19:30 horas envolveu um caminh\u00e3o Mercedes Benz de cor branca com placas de Marilena\/PR e ocorreu sentido General Carneiro. O ve\u00edculo transportava su\u00ednos e [&hellip;]<\/p>\n","protected":false},"author":2,"featured_media":12878,"comment_status":"open","ping_status":"open","sticky":false,"template":"","format":"standard","meta":{"footnotes":""},"categories":[2],"tags":[172],"class_list":["post-12877","post","type-post","status-publish","format-standard","has-post-thumbnail","hentry","category-policial","tag-featured"],"amp_enabled":true,"_links":{"self":[{"href":"https:\/\/radiostudiow.com.br\/site\/wp-json\/wp\/v2\/posts\/12877","targetHints":{"allow":["GET"]}}],"collection":[{"href":"https:\/\/radiostudiow.com.br\/site\/wp-json\/wp\/v2\/posts"}],"about":[{"href":"https:\/\/radiostudiow.com.br\/site\/wp-json\/wp\/v2\/types\/post"}],"author":[{"embeddable":true,"href":"https:\/\/radiostudiow.com.br\/site\/wp-json\/wp\/v2\/users\/2"}],"replies":[{"embeddable":true,"href":"https:\/\/radiostudiow.com.br\/site\/wp-json\/wp\/v2\/comments?post=12877"}],"version-history":[{"count":1,"href":"https:\/\/radiostudiow.com.br\/site\/wp-json\/wp\/v2\/posts\/12877\/revisions"}],"predecessor-version":[{"id":12880,"href":"https:\/\/radiostudiow.com.br\/site\/wp-json\/wp\/v2\/posts\/12877\/revisions\/12880"}],"wp:featuredmedia":[{"embeddable":true,"href":"https:\/\/radiostudiow.com.br\/site\/wp-json\/wp\/v2\/media\/12878"}],"wp:attachment":[{"href":"https:\/\/radiostudiow.com.br\/site\/wp-json\/wp\/v2\/media?parent=12877"}],"wp:term":[{"taxonomy":"category","embeddable":true,"href":"https:\/\/radiostudiow.com.br\/site\/wp-json\/wp\/v2\/categories?post=12877"},{"taxonomy":"post_tag","embeddable":true,"href":"https:\/\/radiostudiow.com.br\/site\/wp-json\/wp\/v2\/tags?post=12877"}],"curies":[{"name":"wp","href":"https:\/\/api.w.org\/{rel}","templated":true}]}}