{"id":12883,"date":"2023-05-18T11:43:09","date_gmt":"2023-05-18T14:43:09","guid":{"rendered":"https:\/\/radiostudiow.com.br\/site\/?p=12883"},"modified":"2025-01-31T15:06:47","modified_gmt":"2025-01-31T18:06:47","slug":"homem-esta-desaparecido-em-tres-barras","status":"publish","type":"post","link":"https:\/\/radiostudiow.com.br\/site\/2023\/05\/18\/homem-esta-desaparecido-em-tres-barras\/","title":{"rendered":"HOMEM ESTA DESAPARECIDO EM TR\u00caS BARRAS\u00a0"},"content":{"rendered":"\n<figure class=\"wp-block-image size-full\"><img decoding=\"async\" src=\"https:\/\/radiostudiow.com.br\/site\/wp-content\/uploads\/2023\/02\/image-21.png\" alt=\"\" class=\"wp-image-11405\"\/><\/figure>\n\n\n\n<p>Uma camisa\u00a0foi encontrada em \u00e1rea de mata durante as buscas pelo Alexandre Moreira, de 39 anos, nessa quarta-feira, 17 de maio. Ele est\u00e1 desaparecido desde sexta-feira (12).\u00a0<\/p>\n\n\n\n<p>A camisa \u00e9 o segundo vest\u00edgio encontrado, anteriormente os bombeiros localizaram um cal\u00e7ado do homem e o cachorro que teria sa\u00eddo junto com o desaparecido tamb\u00e9m retornou para casa.&nbsp;<\/p>\n\n\n\n<p>Com isso, o Corpo de Bombeiros focou na \u00e1rea em que a camisa foi encontrada. Entretanto, nenhum outro ind\u00edcio sobre o paradeiro de Moreira foi encontrado.&nbsp;<\/p>\n\n\n\n<p>Uma nova entrevista foi realizada com os familiares do homem desaparecido em busca de novas pistas sobre seu poss\u00edvel paradeiro.\u00a0<\/p>\n\n\n\n<figure class=\"wp-block-image size-full\"><img decoding=\"async\" src=\"https:\/\/radiostudiow.com.br\/site\/wp-content\/uploads\/2023\/02\/image-26.png\" alt=\"\" class=\"wp-image-11435\"\/><\/figure>\n\n\n\n<p><strong><em>Na manh\u00e3 de quinta-feira (18), as buscas foram retomadas.\u00a0<\/em><\/strong><\/p>\n","protected":false},"excerpt":{"rendered":"<p>Uma camisa\u00a0foi encontrada em \u00e1rea de mata durante as buscas pelo Alexandre Moreira, de 39 anos, nessa quarta-feira, 17 de maio. Ele est\u00e1 desaparecido desde sexta-feira (12).\u00a0 A camisa \u00e9 o segundo vest\u00edgio encontrado, anteriormente os bombeiros localizaram um cal\u00e7ado do homem e o cachorro que teria sa\u00eddo junto com o desaparecido tamb\u00e9m retornou para [&hellip;]<\/p>\n","protected":false},"author":2,"featured_media":12884,"comment_status":"open","ping_status":"open","sticky":false,"template":"","format":"standard","meta":{"footnotes":""},"categories":[2],"tags":[172],"class_list":["post-12883","post","type-post","status-publish","format-standard","has-post-thumbnail","hentry","category-policial","tag-featured"],"amp_enabled":true,"_links":{"self":[{"href":"https:\/\/radiostudiow.com.br\/site\/wp-json\/wp\/v2\/posts\/12883","targetHints":{"allow":["GET"]}}],"collection":[{"href":"https:\/\/radiostudiow.com.br\/site\/wp-json\/wp\/v2\/posts"}],"about":[{"href":"https:\/\/radiostudiow.com.br\/site\/wp-json\/wp\/v2\/types\/post"}],"author":[{"embeddable":true,"href":"https:\/\/radiostudiow.com.br\/site\/wp-json\/wp\/v2\/users\/2"}],"replies":[{"embeddable":true,"href":"https:\/\/radiostudiow.com.br\/site\/wp-json\/wp\/v2\/comments?post=12883"}],"version-history":[{"count":1,"href":"https:\/\/radiostudiow.com.br\/site\/wp-json\/wp\/v2\/posts\/12883\/revisions"}],"predecessor-version":[{"id":12885,"href":"https:\/\/radiostudiow.com.br\/site\/wp-json\/wp\/v2\/posts\/12883\/revisions\/12885"}],"wp:featuredmedia":[{"embeddable":true,"href":"https:\/\/radiostudiow.com.br\/site\/wp-json\/wp\/v2\/media\/12884"}],"wp:attachment":[{"href":"https:\/\/radiostudiow.com.br\/site\/wp-json\/wp\/v2\/media?parent=12883"}],"wp:term":[{"taxonomy":"category","embeddable":true,"href":"https:\/\/radiostudiow.com.br\/site\/wp-json\/wp\/v2\/categories?post=12883"},{"taxonomy":"post_tag","embeddable":true,"href":"https:\/\/radiostudiow.com.br\/site\/wp-json\/wp\/v2\/tags?post=12883"}],"curies":[{"name":"wp","href":"https:\/\/api.w.org\/{rel}","templated":true}]}}