{"id":12888,"date":"2023-05-18T17:26:25","date_gmt":"2023-05-18T20:26:25","guid":{"rendered":"https:\/\/radiostudiow.com.br\/site\/?p=12888"},"modified":"2025-01-31T15:06:47","modified_gmt":"2025-01-31T18:06:47","slug":"obra-em-rodovia-de-uniao-da-vitoria-tera-detonacoes-de-rocha-na-semana-que-vem","status":"publish","type":"post","link":"https:\/\/radiostudiow.com.br\/site\/2023\/05\/18\/obra-em-rodovia-de-uniao-da-vitoria-tera-detonacoes-de-rocha-na-semana-que-vem\/","title":{"rendered":"OBRA EM RODOVIA DE UNI\u00c3O DA VIT\u00d3RIA TER\u00c1 DETONA\u00c7\u00d5ES DE ROCHA NA SEMANA QUE VEM\u00a0"},"content":{"rendered":"\n<figure class=\"wp-block-image size-full\"><img decoding=\"async\" src=\"https:\/\/radiostudiow.com.br\/site\/wp-content\/uploads\/2023\/05\/image.png\" alt=\"\" class=\"wp-image-12658\"\/><\/figure>\n\n\n\n<p>O Departamento de Estradas de Rodagem do Paran\u00e1 (DER\/PR) realizar\u00e1 detona\u00e7\u00f5es de rochas nas manh\u00e3s de ter\u00e7a-feira (23), quarta-feira (24) e quinta-feira (25) em Uni\u00e3o da Vit\u00f3ria, na regi\u00e3o Sul do Estado. A medida integra a obra de estabiliza\u00e7\u00e3o de taludes em trecho da PRC-466 pr\u00f3ximo \u00e0 Ponte Manoel Ribas, sendo necess\u00e1ria para avan\u00e7ar nos servi\u00e7os previstos.<\/p>\n\n\n\n<p>A detona\u00e7\u00e3o de rochas foi dividida em tr\u00eas dias visando evitar danos na rede el\u00e9trica pr\u00f3xima e preservar ao m\u00e1ximo poss\u00edvel o pavimento que ser\u00e1 atingido pelo material solto.<\/p>\n\n\n\n<p>A recomenda\u00e7\u00e3o do DER\/PR \u00e9 que os condutores busquem rotas alternativas nos dias das detona\u00e7\u00f5es, pois o trecho ficar\u00e1 bloqueado para limpeza de rochas e terra sobre a pista, n\u00e3o havendo um hor\u00e1rio pr\u00e9-definido para retomada do tr\u00e1fego. A expectativa \u00e9 que os bloqueios durem v\u00e1rias horas, variando conforme o volume de material.<\/p>\n\n\n\n<p>Pedestres devem seguir a sinaliza\u00e7\u00e3o emergencial que ser\u00e1 instalada no local, evitando se aproximarem do local das detona\u00e7\u00f5es, garantindo sua seguran\u00e7a.<\/p>\n\n\n\n<figure class=\"wp-block-image size-full\"><img decoding=\"async\" src=\"https:\/\/radiostudiow.com.br\/site\/wp-content\/uploads\/2023\/05\/image-3.png\" alt=\"\" class=\"wp-image-12868\"\/><\/figure>\n\n\n\n<h2 class=\"wp-block-heading\">INVESTIMENTO&nbsp;<\/h2>\n\n\n\n<p>O objetivo da obra \u00e9 encerrar definitivamente a recorrente queda de rochas sobre a pista, principalmente em dias chuvosos. Com as detona\u00e7\u00f5es, a execu\u00e7\u00e3o desta iniciativa deve atingir a marca de 70%.<\/p>\n\n\n\n<p>Cerca de 400 metros da rodovia est\u00e3o recebendo as melhorias, que ir\u00e3o adequar o pared\u00e3o rochoso pr\u00f3ximo at\u00e9 que se torne um talude com inclina\u00e7\u00e3o segura. Este segmento da PRC-466 tamb\u00e9m ser\u00e1 deslocado em cerca de cinco metros, gerando uma dist\u00e2ncia maior para o Rio Igua\u00e7u, o que vai aumentar a seguran\u00e7a da pista nas \u00e9pocas de cheia do rio.<\/p>\n\n\n\n<p>Entre a rodovia e o Rio Igua\u00e7u ser\u00e3o implantados muros de gabi\u00f5es, associados a valetas de concreto e descidas d\u2019\u00e1gua. Para a solu\u00e7\u00e3o da drenagem, ser\u00e3o constru\u00eddas sarjetas em concreto no p\u00e9 do talude e na banqueta, conectadas \u00e0 caixa coletora e bueiro, valetas de prote\u00e7\u00e3o e drenos longitudinais em solo e rocha.<\/p>\n\n\n\n<p>O Governo do Paran\u00e1 est\u00e1 investindo R$ 4,2 milh\u00f5es nas obras e a conclus\u00e3o est\u00e1 prevista para o segundo semestre deste ano.<\/p>\n\n\n\n<figure class=\"wp-block-image size-full\"><img decoding=\"async\" src=\"https:\/\/radiostudiow.com.br\/site\/wp-content\/uploads\/2023\/05\/SITE-MEDIO.png\" alt=\"\" class=\"wp-image-12661\"\/><\/figure>\n","protected":false},"excerpt":{"rendered":"<p>O Departamento de Estradas de Rodagem do Paran\u00e1 (DER\/PR) realizar\u00e1 detona\u00e7\u00f5es de rochas nas manh\u00e3s de ter\u00e7a-feira (23), quarta-feira (24) e quinta-feira (25) em Uni\u00e3o da Vit\u00f3ria, na regi\u00e3o Sul do Estado. A medida integra a obra de estabiliza\u00e7\u00e3o de taludes em trecho da PRC-466 pr\u00f3ximo \u00e0 Ponte Manoel Ribas, sendo necess\u00e1ria para avan\u00e7ar nos [&hellip;]<\/p>\n","protected":false},"author":2,"featured_media":0,"comment_status":"open","ping_status":"open","sticky":false,"template":"","format":"standard","meta":{"footnotes":""},"categories":[185],"tags":[172],"class_list":["post-12888","post","type-post","status-publish","format-standard","hentry","category-regional","tag-featured"],"amp_enabled":true,"_links":{"self":[{"href":"https:\/\/radiostudiow.com.br\/site\/wp-json\/wp\/v2\/posts\/12888","targetHints":{"allow":["GET"]}}],"collection":[{"href":"https:\/\/radiostudiow.com.br\/site\/wp-json\/wp\/v2\/posts"}],"about":[{"href":"https:\/\/radiostudiow.com.br\/site\/wp-json\/wp\/v2\/types\/post"}],"author":[{"embeddable":true,"href":"https:\/\/radiostudiow.com.br\/site\/wp-json\/wp\/v2\/users\/2"}],"replies":[{"embeddable":true,"href":"https:\/\/radiostudiow.com.br\/site\/wp-json\/wp\/v2\/comments?post=12888"}],"version-history":[{"count":2,"href":"https:\/\/radiostudiow.com.br\/site\/wp-json\/wp\/v2\/posts\/12888\/revisions"}],"predecessor-version":[{"id":12892,"href":"https:\/\/radiostudiow.com.br\/site\/wp-json\/wp\/v2\/posts\/12888\/revisions\/12892"}],"wp:attachment":[{"href":"https:\/\/radiostudiow.com.br\/site\/wp-json\/wp\/v2\/media?parent=12888"}],"wp:term":[{"taxonomy":"category","embeddable":true,"href":"https:\/\/radiostudiow.com.br\/site\/wp-json\/wp\/v2\/categories?post=12888"},{"taxonomy":"post_tag","embeddable":true,"href":"https:\/\/radiostudiow.com.br\/site\/wp-json\/wp\/v2\/tags?post=12888"}],"curies":[{"name":"wp","href":"https:\/\/api.w.org\/{rel}","templated":true}]}}