{"id":12893,"date":"2023-05-18T19:23:43","date_gmt":"2023-05-18T22:23:43","guid":{"rendered":"https:\/\/radiostudiow.com.br\/site\/?p=12893"},"modified":"2025-01-31T15:06:47","modified_gmt":"2025-01-31T18:06:47","slug":"pm-de-reboucas-prendem-homem-que-ameacou-matar-a-ex-mulher","status":"publish","type":"post","link":"https:\/\/radiostudiow.com.br\/site\/2023\/05\/18\/pm-de-reboucas-prendem-homem-que-ameacou-matar-a-ex-mulher\/","title":{"rendered":"PM DE REBOU\u00c7AS PRENDEM HOMEM QUE AMEA\u00c7OU MATAR A EX-MULHER\u00a0"},"content":{"rendered":"\n<p><strong><em>Um dia antes da pris\u00e3o, homem j\u00e1 havia agredido a v\u00edtima. No dia seguinte, ele amea\u00e7ou a ex-mulher e tentou arrombar a porta da casa dela.\u00a0<\/em><\/strong><\/p>\n\n\n\n<figure class=\"wp-block-image size-large\"><img decoding=\"async\" src=\"https:\/\/radiostudiow.com.br\/site\/wp-content\/uploads\/2023\/03\/333961748_218140324032662_8763106638246866213_n-1024x452.png\" alt=\"\" class=\"wp-image-11670\"\/><\/figure>\n\n\n\n<p>A Pol\u00edcia Militar de Rebou\u00e7as prendeu um homem que amea\u00e7ou matar a ex-mulher. A situa\u00e7\u00e3o foi registrada no fim da tarde de ontem na rua Jo\u00e3o Almeida Barbosa Junior.&nbsp;<\/p>\n\n\n\n<p>A moradora relatou que o ex-marido foi at\u00e9 a sua resid\u00eancia e tentou arrombar a porta. Al\u00e9m disso, ele amea\u00e7ou matar a ex-mulher. Em seguida, o homem deixou o local em um ve\u00edculo Saveiro. A v\u00edtima afirmou que teve um relacionamento com o autor da amea\u00e7a, que durou aproximadamente dez meses.&nbsp;<\/p>\n\n\n\n<p>No domingo, o homem chegou na casa da ex-mulher embriagado e agrediu a v\u00edtima. Ontem, ele esteve novamente no local e chegou a danificar a fechadura da porta da frente do im\u00f3vel durante a tentativa de arromb\u00e1-la. A mulher conseguiu pular a janela dos fundos e se escondeu na casa de uma vizinha. Depois disso, o homem saiu do local de carro.\u00a0<\/p>\n\n\n\n<p>Fonte\/Foto: <a href=\"https:\/\/najua.com.br\/\" data-type=\"URL\" data-id=\"https:\/\/najua.com.br\/\">Najua.com<\/a><\/p>\n\n\n\n<figure class=\"wp-block-image size-full\"><img decoding=\"async\" src=\"https:\/\/radiostudiow.com.br\/site\/wp-content\/uploads\/2023\/04\/image-12.png\" alt=\"\" class=\"wp-image-12488\"\/><\/figure>\n","protected":false},"excerpt":{"rendered":"<p>Um dia antes da pris\u00e3o, homem j\u00e1 havia agredido a v\u00edtima. No dia seguinte, ele amea\u00e7ou a ex-mulher e tentou arrombar a porta da casa dela.\u00a0 A Pol\u00edcia Militar de Rebou\u00e7as prendeu um homem que amea\u00e7ou matar a ex-mulher. A situa\u00e7\u00e3o foi registrada no fim da tarde de ontem na rua Jo\u00e3o Almeida Barbosa Junior.&nbsp; [&hellip;]<\/p>\n","protected":false},"author":2,"featured_media":12894,"comment_status":"open","ping_status":"open","sticky":false,"template":"","format":"standard","meta":{"footnotes":""},"categories":[2],"tags":[172],"class_list":["post-12893","post","type-post","status-publish","format-standard","has-post-thumbnail","hentry","category-policial","tag-featured"],"amp_enabled":true,"_links":{"self":[{"href":"https:\/\/radiostudiow.com.br\/site\/wp-json\/wp\/v2\/posts\/12893","targetHints":{"allow":["GET"]}}],"collection":[{"href":"https:\/\/radiostudiow.com.br\/site\/wp-json\/wp\/v2\/posts"}],"about":[{"href":"https:\/\/radiostudiow.com.br\/site\/wp-json\/wp\/v2\/types\/post"}],"author":[{"embeddable":true,"href":"https:\/\/radiostudiow.com.br\/site\/wp-json\/wp\/v2\/users\/2"}],"replies":[{"embeddable":true,"href":"https:\/\/radiostudiow.com.br\/site\/wp-json\/wp\/v2\/comments?post=12893"}],"version-history":[{"count":1,"href":"https:\/\/radiostudiow.com.br\/site\/wp-json\/wp\/v2\/posts\/12893\/revisions"}],"predecessor-version":[{"id":12895,"href":"https:\/\/radiostudiow.com.br\/site\/wp-json\/wp\/v2\/posts\/12893\/revisions\/12895"}],"wp:featuredmedia":[{"embeddable":true,"href":"https:\/\/radiostudiow.com.br\/site\/wp-json\/wp\/v2\/media\/12894"}],"wp:attachment":[{"href":"https:\/\/radiostudiow.com.br\/site\/wp-json\/wp\/v2\/media?parent=12893"}],"wp:term":[{"taxonomy":"category","embeddable":true,"href":"https:\/\/radiostudiow.com.br\/site\/wp-json\/wp\/v2\/categories?post=12893"},{"taxonomy":"post_tag","embeddable":true,"href":"https:\/\/radiostudiow.com.br\/site\/wp-json\/wp\/v2\/tags?post=12893"}],"curies":[{"name":"wp","href":"https:\/\/api.w.org\/{rel}","templated":true}]}}