{"id":12903,"date":"2023-05-19T11:20:48","date_gmt":"2023-05-19T14:20:48","guid":{"rendered":"https:\/\/radiostudiow.com.br\/site\/?p=12903"},"modified":"2025-01-31T15:06:47","modified_gmt":"2025-01-31T18:06:47","slug":"condutora-perde-controle-da-direcao-e-atinge-grade-de-residencia-em-reboucas","status":"publish","type":"post","link":"https:\/\/radiostudiow.com.br\/site\/2023\/05\/19\/condutora-perde-controle-da-direcao-e-atinge-grade-de-residencia-em-reboucas\/","title":{"rendered":"CONDUTORA PERDE CONTROLE DA DIRE\u00c7\u00c3O E ATINGE GRADE DE RESID\u00caNCIA EM REBOU\u00c7AS"},"content":{"rendered":"\n<figure class=\"wp-block-image size-full\"><img decoding=\"async\" src=\"https:\/\/radiostudiow.com.br\/site\/wp-content\/uploads\/2023\/05\/image-3.png\" alt=\"\" class=\"wp-image-12868\"\/><\/figure>\n\n\n\n<p>A condutora de um carro atingiu a grade de uma resid\u00eancia na Vila Ester, em Rebou\u00e7as, na manh\u00e3 dessa quinta-feira (18). Motorista n\u00e3o sofreu ferimentos, apenas danos materiais foram registrados.<\/p>\n\n\n\n<p>A motorista foi encaminhada para o hospital Dona Darcy Vargas para receber atendimento, ela disse que perdeu o controle da dire\u00e7\u00e3o ao realizar uma convers\u00e3o na esquina das ruas Jorge Bitar e Maria Isaura Stadler de Oliveira, atingindo a grade da casa.<\/p>\n","protected":false},"excerpt":{"rendered":"<p>A condutora de um carro atingiu a grade de uma resid\u00eancia na Vila Ester, em Rebou\u00e7as, na manh\u00e3 dessa quinta-feira (18). Motorista n\u00e3o sofreu ferimentos, apenas danos materiais foram registrados. A motorista foi encaminhada para o hospital Dona Darcy Vargas para receber atendimento, ela disse que perdeu o controle da dire\u00e7\u00e3o ao realizar uma convers\u00e3o [&hellip;]<\/p>\n","protected":false},"author":2,"featured_media":11361,"comment_status":"open","ping_status":"open","sticky":false,"template":"","format":"standard","meta":{"footnotes":""},"categories":[2],"tags":[172],"class_list":["post-12903","post","type-post","status-publish","format-standard","has-post-thumbnail","hentry","category-policial","tag-featured"],"amp_enabled":true,"_links":{"self":[{"href":"https:\/\/radiostudiow.com.br\/site\/wp-json\/wp\/v2\/posts\/12903","targetHints":{"allow":["GET"]}}],"collection":[{"href":"https:\/\/radiostudiow.com.br\/site\/wp-json\/wp\/v2\/posts"}],"about":[{"href":"https:\/\/radiostudiow.com.br\/site\/wp-json\/wp\/v2\/types\/post"}],"author":[{"embeddable":true,"href":"https:\/\/radiostudiow.com.br\/site\/wp-json\/wp\/v2\/users\/2"}],"replies":[{"embeddable":true,"href":"https:\/\/radiostudiow.com.br\/site\/wp-json\/wp\/v2\/comments?post=12903"}],"version-history":[{"count":1,"href":"https:\/\/radiostudiow.com.br\/site\/wp-json\/wp\/v2\/posts\/12903\/revisions"}],"predecessor-version":[{"id":12904,"href":"https:\/\/radiostudiow.com.br\/site\/wp-json\/wp\/v2\/posts\/12903\/revisions\/12904"}],"wp:featuredmedia":[{"embeddable":true,"href":"https:\/\/radiostudiow.com.br\/site\/wp-json\/wp\/v2\/media\/11361"}],"wp:attachment":[{"href":"https:\/\/radiostudiow.com.br\/site\/wp-json\/wp\/v2\/media?parent=12903"}],"wp:term":[{"taxonomy":"category","embeddable":true,"href":"https:\/\/radiostudiow.com.br\/site\/wp-json\/wp\/v2\/categories?post=12903"},{"taxonomy":"post_tag","embeddable":true,"href":"https:\/\/radiostudiow.com.br\/site\/wp-json\/wp\/v2\/tags?post=12903"}],"curies":[{"name":"wp","href":"https:\/\/api.w.org\/{rel}","templated":true}]}}