{"id":12905,"date":"2023-05-19T11:35:44","date_gmt":"2023-05-19T14:35:44","guid":{"rendered":"https:\/\/radiostudiow.com.br\/site\/?p=12905"},"modified":"2025-01-31T15:06:47","modified_gmt":"2025-01-31T18:06:47","slug":"ciclista-fica-ferido-ao-ser-atropelado-em-uniao-da-vitoria","status":"publish","type":"post","link":"https:\/\/radiostudiow.com.br\/site\/2023\/05\/19\/ciclista-fica-ferido-ao-ser-atropelado-em-uniao-da-vitoria\/","title":{"rendered":"CICLISTA FICA FERIDO AO SER ATROPELADO EM UNI\u00c3O DA VIT\u00d3RIA\u00a0"},"content":{"rendered":"\n<figure class=\"wp-block-image size-full\"><img decoding=\"async\" src=\"https:\/\/radiostudiow.com.br\/site\/wp-content\/uploads\/2023\/05\/image.png\" alt=\"\" class=\"wp-image-12658\"\/><\/figure>\n\n\n\n<p>Um acidente entre um carro e um ciclista foi registrado na\u00a0Rua Helmuth Muller, bairro Santa Rosa em Uni\u00e3o da Vit\u00f3ria por volta das 15:25 horas dessa quinta-feira (18).\u00a0<\/p>\n\n\n\n<p>No local a equipe do Corpo de Bombeiros constatou que se tratava de um atropelamento, onde um ve\u00edculo Ford\/Fiesta, colidiu com uma bicicleta.&nbsp;<\/p>\n\n\n\n<p>O ciclista de 33 anos se encontrava sentado na cal\u00e7ada, apresentando ferimentos moderados, onde foi imobilizado com colar cervical e maca r\u00edgida, sendo verificado seus sinais vitais e conduzido para o Hospital S\u00e3o Braz para receber atendimento m\u00e9dico.&nbsp;<\/p>\n\n\n\n<p>A condutora do Fiesta, de 23 anos, n\u00e3o tinha les\u00f5es aparentes. No local, teve uma guarni\u00e7\u00e3o da PMSC prestando apoio na ocorr\u00eancia.&nbsp;<\/p>\n\n\n\n<figure class=\"wp-block-image size-large\"><img decoding=\"async\" src=\"https:\/\/radiostudiow.com.br\/site\/wp-content\/uploads\/2023\/03\/333961748_218140324032662_8763106638246866213_n-1024x452.png\" alt=\"\" class=\"wp-image-11670\"\/><\/figure>\n","protected":false},"excerpt":{"rendered":"<p>Um acidente entre um carro e um ciclista foi registrado na\u00a0Rua Helmuth Muller, bairro Santa Rosa em Uni\u00e3o da Vit\u00f3ria por volta das 15:25 horas dessa quinta-feira (18).\u00a0 No local a equipe do Corpo de Bombeiros constatou que se tratava de um atropelamento, onde um ve\u00edculo Ford\/Fiesta, colidiu com uma bicicleta.&nbsp; O ciclista de 33 [&hellip;]<\/p>\n","protected":false},"author":2,"featured_media":0,"comment_status":"open","ping_status":"open","sticky":false,"template":"","format":"standard","meta":{"footnotes":""},"categories":[2],"tags":[172],"class_list":["post-12905","post","type-post","status-publish","format-standard","hentry","category-policial","tag-featured"],"amp_enabled":true,"_links":{"self":[{"href":"https:\/\/radiostudiow.com.br\/site\/wp-json\/wp\/v2\/posts\/12905","targetHints":{"allow":["GET"]}}],"collection":[{"href":"https:\/\/radiostudiow.com.br\/site\/wp-json\/wp\/v2\/posts"}],"about":[{"href":"https:\/\/radiostudiow.com.br\/site\/wp-json\/wp\/v2\/types\/post"}],"author":[{"embeddable":true,"href":"https:\/\/radiostudiow.com.br\/site\/wp-json\/wp\/v2\/users\/2"}],"replies":[{"embeddable":true,"href":"https:\/\/radiostudiow.com.br\/site\/wp-json\/wp\/v2\/comments?post=12905"}],"version-history":[{"count":1,"href":"https:\/\/radiostudiow.com.br\/site\/wp-json\/wp\/v2\/posts\/12905\/revisions"}],"predecessor-version":[{"id":12907,"href":"https:\/\/radiostudiow.com.br\/site\/wp-json\/wp\/v2\/posts\/12905\/revisions\/12907"}],"wp:attachment":[{"href":"https:\/\/radiostudiow.com.br\/site\/wp-json\/wp\/v2\/media?parent=12905"}],"wp:term":[{"taxonomy":"category","embeddable":true,"href":"https:\/\/radiostudiow.com.br\/site\/wp-json\/wp\/v2\/categories?post=12905"},{"taxonomy":"post_tag","embeddable":true,"href":"https:\/\/radiostudiow.com.br\/site\/wp-json\/wp\/v2\/tags?post=12905"}],"curies":[{"name":"wp","href":"https:\/\/api.w.org\/{rel}","templated":true}]}}