{"id":12912,"date":"2023-05-19T16:45:17","date_gmt":"2023-05-19T19:45:17","guid":{"rendered":"https:\/\/radiostudiow.com.br\/site\/?p=12912"},"modified":"2025-01-31T15:06:47","modified_gmt":"2025-01-31T18:06:47","slug":"carro-com-alerta-de-furto-e-localizado-pela-pm-em-general-carneiro","status":"publish","type":"post","link":"https:\/\/radiostudiow.com.br\/site\/2023\/05\/19\/carro-com-alerta-de-furto-e-localizado-pela-pm-em-general-carneiro\/","title":{"rendered":"CARRO COM ALERTA DE FURTO \u00c9 LOCALIZADO PELA PM EM GENERAL CARNEIRO. UM HOMEM FOI PRESO"},"content":{"rendered":"\n<figure class=\"wp-block-image size-full\"><img decoding=\"async\" src=\"https:\/\/radiostudiow.com.br\/site\/wp-content\/uploads\/2023\/05\/image-3.png\" alt=\"\" class=\"wp-image-12868\"\/><\/figure>\n\n\n\n<p>A equipe da Pol\u00edcia Militar de General Carneiro realizava patrulhamento momento que se&nbsp;deparou com o ve\u00edculo VW\/GOL, estacionado a beira da estrada&nbsp;em consulta ao sistema por volta das 16:00 horas dessa quinta-feira, 18 de maio, constatado que o ve\u00edculo se encontrava com alerta de furto.&nbsp;<\/p>\n\n\n\n<p>Os policiais realizaram abordagem e o condutor foi&nbsp;questionado sobre a proced\u00eancia do ve\u00edculo, relatou que havia comprado de seu sogro e que o mesmo havia comprado de outra pessoa, a qual n\u00e3o soube informar quem era.&nbsp;<\/p>\n\n\n\n<p>Diante dos fatos o homem foi conduzido at\u00e9 o destacamento policial de General Carneiro para confec\u00e7\u00e3o do boletim de ocorr\u00eancia e posterior encaminhamento a 4\u00b0 SDP de Uni\u00e3o da Vit\u00f3ria.\u00a0<\/p>\n","protected":false},"excerpt":{"rendered":"<p>A equipe da Pol\u00edcia Militar de General Carneiro realizava patrulhamento momento que se&nbsp;deparou com o ve\u00edculo VW\/GOL, estacionado a beira da estrada&nbsp;em consulta ao sistema por volta das 16:00 horas dessa quinta-feira, 18 de maio, constatado que o ve\u00edculo se encontrava com alerta de furto.&nbsp; Os policiais realizaram abordagem e o condutor foi&nbsp;questionado sobre a [&hellip;]<\/p>\n","protected":false},"author":2,"featured_media":0,"comment_status":"open","ping_status":"open","sticky":false,"template":"","format":"standard","meta":{"footnotes":""},"categories":[2],"tags":[172],"class_list":["post-12912","post","type-post","status-publish","format-standard","hentry","category-policial","tag-featured"],"amp_enabled":true,"_links":{"self":[{"href":"https:\/\/radiostudiow.com.br\/site\/wp-json\/wp\/v2\/posts\/12912","targetHints":{"allow":["GET"]}}],"collection":[{"href":"https:\/\/radiostudiow.com.br\/site\/wp-json\/wp\/v2\/posts"}],"about":[{"href":"https:\/\/radiostudiow.com.br\/site\/wp-json\/wp\/v2\/types\/post"}],"author":[{"embeddable":true,"href":"https:\/\/radiostudiow.com.br\/site\/wp-json\/wp\/v2\/users\/2"}],"replies":[{"embeddable":true,"href":"https:\/\/radiostudiow.com.br\/site\/wp-json\/wp\/v2\/comments?post=12912"}],"version-history":[{"count":3,"href":"https:\/\/radiostudiow.com.br\/site\/wp-json\/wp\/v2\/posts\/12912\/revisions"}],"predecessor-version":[{"id":12916,"href":"https:\/\/radiostudiow.com.br\/site\/wp-json\/wp\/v2\/posts\/12912\/revisions\/12916"}],"wp:attachment":[{"href":"https:\/\/radiostudiow.com.br\/site\/wp-json\/wp\/v2\/media?parent=12912"}],"wp:term":[{"taxonomy":"category","embeddable":true,"href":"https:\/\/radiostudiow.com.br\/site\/wp-json\/wp\/v2\/categories?post=12912"},{"taxonomy":"post_tag","embeddable":true,"href":"https:\/\/radiostudiow.com.br\/site\/wp-json\/wp\/v2\/tags?post=12912"}],"curies":[{"name":"wp","href":"https:\/\/api.w.org\/{rel}","templated":true}]}}