{"id":12918,"date":"2023-05-19T18:50:11","date_gmt":"2023-05-19T21:50:11","guid":{"rendered":"https:\/\/radiostudiow.com.br\/site\/?p=12918"},"modified":"2025-01-31T15:06:47","modified_gmt":"2025-01-31T18:06:47","slug":"conta-de-agua-sobe-823-no-parana","status":"publish","type":"post","link":"https:\/\/radiostudiow.com.br\/site\/2023\/05\/19\/conta-de-agua-sobe-823-no-parana\/","title":{"rendered":"CONTA DE \u00c1GUA SOBE 8,23% NO PARAN\u00c1"},"content":{"rendered":"\n<figure class=\"wp-block-image size-full\"><img decoding=\"async\" src=\"https:\/\/radiostudiow.com.br\/site\/wp-content\/uploads\/2023\/04\/image-12.png\" alt=\"\" class=\"wp-image-12488\"\/><\/figure>\n\n\n\n<p>Esse aumento da tarifa na conta de \u00e1gua e esgoto cobrada pela Sanepar&nbsp;est\u00e1 8,23% mais cara no Paran\u00e1 come\u00e7ou nessa quarta-feira (17).&nbsp;<\/p>\n\n\n\n<p>De acordo com a ag\u00eancia, a defini\u00e7\u00e3o do \u00edndice considerou contribui\u00e7\u00f5es apresentadas em audi\u00eancia p\u00fablica, novos investimentos, custos da empresa e o n\u00famero de consumidores beneficiados com a tarifa social. Aprovado pela Ag\u00eancia Reguladora dos Servi\u00e7os P\u00fablicos do Paran\u00e1 (Agepar) em abril.&nbsp;<\/p>\n\n\n\n<p>A revis\u00e3o do valor da tarifa da Sanepar \u00e9 feita a cada quatro anos. Segundo a Agepar, n\u00e3o haver\u00e1 outro reajuste na conta de \u00e1gua em 2023.<\/p>\n","protected":false},"excerpt":{"rendered":"<p>Esse aumento da tarifa na conta de \u00e1gua e esgoto cobrada pela Sanepar&nbsp;est\u00e1 8,23% mais cara no Paran\u00e1 come\u00e7ou nessa quarta-feira (17).&nbsp; De acordo com a ag\u00eancia, a defini\u00e7\u00e3o do \u00edndice considerou contribui\u00e7\u00f5es apresentadas em audi\u00eancia p\u00fablica, novos investimentos, custos da empresa e o n\u00famero de consumidores beneficiados com a tarifa social. Aprovado pela Ag\u00eancia [&hellip;]<\/p>\n","protected":false},"author":2,"featured_media":0,"comment_status":"open","ping_status":"open","sticky":false,"template":"","format":"standard","meta":{"footnotes":""},"categories":[2],"tags":[172],"class_list":["post-12918","post","type-post","status-publish","format-standard","hentry","category-policial","tag-featured"],"amp_enabled":true,"_links":{"self":[{"href":"https:\/\/radiostudiow.com.br\/site\/wp-json\/wp\/v2\/posts\/12918","targetHints":{"allow":["GET"]}}],"collection":[{"href":"https:\/\/radiostudiow.com.br\/site\/wp-json\/wp\/v2\/posts"}],"about":[{"href":"https:\/\/radiostudiow.com.br\/site\/wp-json\/wp\/v2\/types\/post"}],"author":[{"embeddable":true,"href":"https:\/\/radiostudiow.com.br\/site\/wp-json\/wp\/v2\/users\/2"}],"replies":[{"embeddable":true,"href":"https:\/\/radiostudiow.com.br\/site\/wp-json\/wp\/v2\/comments?post=12918"}],"version-history":[{"count":1,"href":"https:\/\/radiostudiow.com.br\/site\/wp-json\/wp\/v2\/posts\/12918\/revisions"}],"predecessor-version":[{"id":12920,"href":"https:\/\/radiostudiow.com.br\/site\/wp-json\/wp\/v2\/posts\/12918\/revisions\/12920"}],"wp:attachment":[{"href":"https:\/\/radiostudiow.com.br\/site\/wp-json\/wp\/v2\/media?parent=12918"}],"wp:term":[{"taxonomy":"category","embeddable":true,"href":"https:\/\/radiostudiow.com.br\/site\/wp-json\/wp\/v2\/categories?post=12918"},{"taxonomy":"post_tag","embeddable":true,"href":"https:\/\/radiostudiow.com.br\/site\/wp-json\/wp\/v2\/tags?post=12918"}],"curies":[{"name":"wp","href":"https:\/\/api.w.org\/{rel}","templated":true}]}}