{"id":12924,"date":"2023-05-20T11:03:35","date_gmt":"2023-05-20T14:03:35","guid":{"rendered":"https:\/\/radiostudiow.com.br\/site\/?p=12924"},"modified":"2025-01-31T15:06:47","modified_gmt":"2025-01-31T18:06:47","slug":"bombeiros-suspendem-buscas-por-homem-desaparecido-em-tres-barras","status":"publish","type":"post","link":"https:\/\/radiostudiow.com.br\/site\/2023\/05\/20\/bombeiros-suspendem-buscas-por-homem-desaparecido-em-tres-barras\/","title":{"rendered":"BOMBEIROS SUSPENDEM BUSCAS POR HOMEM DESAPARECIDO EM TR\u00caS BARRAS\u00a0"},"content":{"rendered":"\n<figure class=\"wp-block-image size-full\"><img decoding=\"async\" src=\"https:\/\/radiostudiow.com.br\/site\/wp-content\/uploads\/2023\/05\/image.png\" alt=\"\" class=\"wp-image-12658\"\/><\/figure>\n\n\n\n<p>Equipes de bombeiros da regi\u00e3o seguiram nesta sexta-feira (19), as buscas por Alexandre Moreira, de 39 anos, que\u00a0<a href=\"https:\/\/portalrdx.com.br\/17\/05\/2023\/homem-esta-desaparecido-em-tres-barras-bombeiro-auxiliam-nas-buscas\/\">est\u00e1 desaparecido no interior de Tr\u00eas Barras<\/a>. Nesta sexta completou uma semana que Alexandre foi visto pela \u00faltima vez na regi\u00e3o do Rio da Ponte, em S\u00e3o Jo\u00e3o dos Cavalheiros, em Tr\u00eas Barras.<\/p>\n\n\n\n<p>Durante todo o dia foram realizadas buscas em locais pr\u00e9-definidos, bem como por cerca de 5 km no leito do rio S\u00e3o Jo\u00e3o, e nada foi encontrado pelas equipes.<\/p>\n\n\n\n<p>Ao final do dia as buscas foram suspensas e se houver alguma evid\u00eancia, ind\u00edcio ou informa\u00e7\u00e3o que mude o quadro atual, as buscas ser\u00e3o retomadas.<\/p>\n","protected":false},"excerpt":{"rendered":"<p>Equipes de bombeiros da regi\u00e3o seguiram nesta sexta-feira (19), as buscas por Alexandre Moreira, de 39 anos, que\u00a0est\u00e1 desaparecido no interior de Tr\u00eas Barras. Nesta sexta completou uma semana que Alexandre foi visto pela \u00faltima vez na regi\u00e3o do Rio da Ponte, em S\u00e3o Jo\u00e3o dos Cavalheiros, em Tr\u00eas Barras. Durante todo o dia foram [&hellip;]<\/p>\n","protected":false},"author":2,"featured_media":12884,"comment_status":"open","ping_status":"open","sticky":false,"template":"","format":"standard","meta":{"footnotes":""},"categories":[2],"tags":[172],"class_list":["post-12924","post","type-post","status-publish","format-standard","has-post-thumbnail","hentry","category-policial","tag-featured"],"amp_enabled":true,"_links":{"self":[{"href":"https:\/\/radiostudiow.com.br\/site\/wp-json\/wp\/v2\/posts\/12924","targetHints":{"allow":["GET"]}}],"collection":[{"href":"https:\/\/radiostudiow.com.br\/site\/wp-json\/wp\/v2\/posts"}],"about":[{"href":"https:\/\/radiostudiow.com.br\/site\/wp-json\/wp\/v2\/types\/post"}],"author":[{"embeddable":true,"href":"https:\/\/radiostudiow.com.br\/site\/wp-json\/wp\/v2\/users\/2"}],"replies":[{"embeddable":true,"href":"https:\/\/radiostudiow.com.br\/site\/wp-json\/wp\/v2\/comments?post=12924"}],"version-history":[{"count":1,"href":"https:\/\/radiostudiow.com.br\/site\/wp-json\/wp\/v2\/posts\/12924\/revisions"}],"predecessor-version":[{"id":12925,"href":"https:\/\/radiostudiow.com.br\/site\/wp-json\/wp\/v2\/posts\/12924\/revisions\/12925"}],"wp:featuredmedia":[{"embeddable":true,"href":"https:\/\/radiostudiow.com.br\/site\/wp-json\/wp\/v2\/media\/12884"}],"wp:attachment":[{"href":"https:\/\/radiostudiow.com.br\/site\/wp-json\/wp\/v2\/media?parent=12924"}],"wp:term":[{"taxonomy":"category","embeddable":true,"href":"https:\/\/radiostudiow.com.br\/site\/wp-json\/wp\/v2\/categories?post=12924"},{"taxonomy":"post_tag","embeddable":true,"href":"https:\/\/radiostudiow.com.br\/site\/wp-json\/wp\/v2\/tags?post=12924"}],"curies":[{"name":"wp","href":"https:\/\/api.w.org\/{rel}","templated":true}]}}