{"id":12926,"date":"2023-05-20T11:07:35","date_gmt":"2023-05-20T14:07:35","guid":{"rendered":"https:\/\/radiostudiow.com.br\/site\/?p=12926"},"modified":"2025-01-31T15:06:47","modified_gmt":"2025-01-31T18:06:47","slug":"falta-de-sinalizacao-causa-mais-um-acidente-em-sao-mateus-do-sul","status":"publish","type":"post","link":"https:\/\/radiostudiow.com.br\/site\/2023\/05\/20\/falta-de-sinalizacao-causa-mais-um-acidente-em-sao-mateus-do-sul\/","title":{"rendered":"FALTA DE SINALIZA\u00c7\u00c3O CAUSA MAIS UM ACIDENTE EM S\u00c3O MATEUS DO SUL\u00a0"},"content":{"rendered":"\n<figure class=\"wp-block-image size-full\"><img loading=\"lazy\" decoding=\"async\" width=\"768\" height=\"175\" src=\"https:\/\/radiostudiow.com.br\/site\/wp-content\/uploads\/2023\/03\/image-22.png\" alt=\"\" class=\"wp-image-12046\" srcset=\"https:\/\/radiostudiow.com.br\/site\/wp-content\/uploads\/2023\/03\/image-22.png 768w, https:\/\/radiostudiow.com.br\/site\/wp-content\/uploads\/2023\/03\/image-22-300x68.png 300w\" sizes=\"auto, (max-width: 768px) 100vw, 768px\" \/><\/figure>\n\n\n\n<p>A falta de sinaliza\u00e7\u00e3o nas obras de pavimenta\u00e7\u00e3o da PR-364 tem causado acidentes. Esse \u00e9 o segundo acidente somente essa semana,&nbsp;<a href=\"https:\/\/portalrdx.com.br\/19\/05\/2023\/mais-um-veiculo-cai-na-regiao-do-rio-turvo-por-falta-de-sinalizacao-nas-obras-da-pr-364\/?fbclid=IwAR1urMcgYURA4wIM6gyZNfnhH7cVhcVTlGe3Ooh1BLmZgTPsbRnnX_oNGYM\">j\u00e1 que na \u00faltima quinta-feira (18), um VW\/Gol acabou caindo no local onde est\u00e1 sendo feita a ponte do Rio Turvo<\/a>.<\/p>\n\n\n\n<p>O motorista de uma Van n\u00e3o percebeu o montante de pedras na estrada e acabou tombando, o condutor n\u00e3o sofreu ferimentos, tendo apenas danos materiais na manh\u00e3 deste s\u00e1bado (20).<\/p>\n\n\n\n<p>No entanto, moradores da regi\u00e3o entraram em contato com a reportagem da RDX cobrando da Construtora Triunfo uma melhora na sinaliza\u00e7\u00e3o na regi\u00e3o.<\/p>\n\n\n\n<p><em><strong>\u201cAqui o que est\u00e1 faltando \u00e9 uma boa sinaliza\u00e7\u00e3o durante o dia e a noite. Com esse acidente, j\u00e1 \u00e9 o 15\u00ba que vejo por aqui e a Triunfo n\u00e3o tomou nenhuma provid\u00eancia\u201d, reclama um dos moradores.<\/strong><\/em><\/p>\n\n\n\n<figure class=\"wp-block-image size-full\"><img decoding=\"async\" src=\"https:\/\/radiostudiow.com.br\/site\/wp-content\/uploads\/2023\/05\/image-3.png\" alt=\"\" class=\"wp-image-12868\"\/><\/figure>\n\n\n\n<p>A reportagem da RDX encaminhou as imagens para o Departamento de Estradas de Rodagem (DER), solicitando aos respons\u00e1veis pela obra melhor sinaliza\u00e7\u00e3o no local.<\/p>\n\n\n\n<figure class=\"wp-block-image size-full is-resized\"><img loading=\"lazy\" decoding=\"async\" src=\"https:\/\/radiostudiow.com.br\/site\/wp-content\/uploads\/2023\/05\/WhatsApp-Image-2023-05-20-at-07.49.56-576x1024-1.jpg\" alt=\"\" class=\"wp-image-12927\" width=\"576\" height=\"1024\"\/><figcaption class=\"wp-element-caption\"><em>Foto enviada ao Portal RDX.<\/em><\/figcaption><\/figure>\n","protected":false},"excerpt":{"rendered":"<p>A falta de sinaliza\u00e7\u00e3o nas obras de pavimenta\u00e7\u00e3o da PR-364 tem causado acidentes. Esse \u00e9 o segundo acidente somente essa semana,&nbsp;j\u00e1 que na \u00faltima quinta-feira (18), um VW\/Gol acabou caindo no local onde est\u00e1 sendo feita a ponte do Rio Turvo. O motorista de uma Van n\u00e3o percebeu o montante de pedras na estrada e [&hellip;]<\/p>\n","protected":false},"author":2,"featured_media":0,"comment_status":"open","ping_status":"open","sticky":false,"template":"","format":"standard","meta":{"footnotes":""},"categories":[2],"tags":[172],"class_list":["post-12926","post","type-post","status-publish","format-standard","hentry","category-policial","tag-featured"],"amp_enabled":true,"_links":{"self":[{"href":"https:\/\/radiostudiow.com.br\/site\/wp-json\/wp\/v2\/posts\/12926","targetHints":{"allow":["GET"]}}],"collection":[{"href":"https:\/\/radiostudiow.com.br\/site\/wp-json\/wp\/v2\/posts"}],"about":[{"href":"https:\/\/radiostudiow.com.br\/site\/wp-json\/wp\/v2\/types\/post"}],"author":[{"embeddable":true,"href":"https:\/\/radiostudiow.com.br\/site\/wp-json\/wp\/v2\/users\/2"}],"replies":[{"embeddable":true,"href":"https:\/\/radiostudiow.com.br\/site\/wp-json\/wp\/v2\/comments?post=12926"}],"version-history":[{"count":1,"href":"https:\/\/radiostudiow.com.br\/site\/wp-json\/wp\/v2\/posts\/12926\/revisions"}],"predecessor-version":[{"id":12929,"href":"https:\/\/radiostudiow.com.br\/site\/wp-json\/wp\/v2\/posts\/12926\/revisions\/12929"}],"wp:attachment":[{"href":"https:\/\/radiostudiow.com.br\/site\/wp-json\/wp\/v2\/media?parent=12926"}],"wp:term":[{"taxonomy":"category","embeddable":true,"href":"https:\/\/radiostudiow.com.br\/site\/wp-json\/wp\/v2\/categories?post=12926"},{"taxonomy":"post_tag","embeddable":true,"href":"https:\/\/radiostudiow.com.br\/site\/wp-json\/wp\/v2\/tags?post=12926"}],"curies":[{"name":"wp","href":"https:\/\/api.w.org\/{rel}","templated":true}]}}