{"id":13154,"date":"2023-06-02T11:59:24","date_gmt":"2023-06-02T14:59:24","guid":{"rendered":"https:\/\/radiostudiow.com.br\/site\/?p=13154"},"modified":"2025-01-31T15:06:45","modified_gmt":"2025-01-31T18:06:45","slug":"inscricoes-para-o-enem-comecam-na-proxima-segunda-feira-5","status":"publish","type":"post","link":"https:\/\/radiostudiow.com.br\/site\/2023\/06\/02\/inscricoes-para-o-enem-comecam-na-proxima-segunda-feira-5\/","title":{"rendered":"INSCRI\u00c7\u00d5ES PARA O ENEM COME\u00c7AM NA PR\u00d3XIMA SEGUNDA-FEIRA (5)\u00a0"},"content":{"rendered":"\n<p>As inscri\u00e7\u00f5es para o Exame Nacional do Ensino M\u00e9dio (Enem) come\u00e7am na pr\u00f3xima segunda-feira (5). Interessados em participar do certame, que ser\u00e1 aplicado nos dias 5 e 12 de novembro, t\u00eam at\u00e9 o dia 16 de junho para fazer o cadastro na\u00a0<a rel=\"noreferrer noopener\" href=\"https:\/\/enem.inep.gov.br\/participante\/#!\/\" target=\"_blank\">P\u00e1gina do Participante<\/a>. A taxa de inscri\u00e7\u00e3o \u00e9 R$ 85 e deve ser paga at\u00e9 21 de junho.\u00a0<img decoding=\"async\" src=\"https:\/\/agenciabrasil.ebc.com.br\/ebc.png?id=1536626&amp;o=node\"><img decoding=\"async\" src=\"https:\/\/agenciabrasil.ebc.com.br\/ebc.gif?id=1536626&amp;o=node\"><\/p>\n\n\n\n<figure class=\"wp-block-image size-full\"><img decoding=\"async\" src=\"https:\/\/radiostudiow.com.br\/site\/wp-content\/uploads\/2023\/04\/image-12.png\" alt=\"\" class=\"wp-image-12488\"\/><\/figure>\n\n\n\n<p>O&nbsp;<a href=\"https:\/\/www.in.gov.br\/en\/web\/dou\/-\/edital-n-30-de-5-de-maio-de-2023-481632388\" target=\"_blank\" rel=\"noreferrer noopener\">edital<\/a>&nbsp;com o cronograma e as regras para o Enem 2023 foi publicado no in\u00edcio do m\u00eas. Al\u00e9m de apresentar as datas e os hor\u00e1rios do exame, o texto detalha os documentos necess\u00e1rios e as obriga\u00e7\u00f5es do participante, incluindo situa\u00e7\u00f5es em que o candidato pode ser eliminado. &nbsp;<\/p>\n\n\n\n<p>A publica\u00e7\u00e3o do Instituto Nacional de Estudos e Pesquisas An\u00edsio Teixeira (Inep) traz tamb\u00e9m crit\u00e9rios para corre\u00e7\u00e3o das provas e procedimentos para pessoas que precisam de cuidados especiais durante o concurso.&nbsp;<\/p>\n\n\n\n<p>Os gabaritos das provas objetivas ser\u00e3o publicados no dia 24 de novembro no\u00a0<a rel=\"noreferrer noopener\" href=\"https:\/\/www.gov.br\/inep\/pt-br\" target=\"_blank\">portal do Inep<\/a>. J\u00e1 os resultados individuais ser\u00e3o divulgados no dia 16 de janeiro de 2024 no mesmo\u00a0<em>site<\/em>.<\/p>\n\n\n\n<figure class=\"wp-block-image size-full\"><img decoding=\"async\" src=\"https:\/\/radiostudiow.com.br\/site\/wp-content\/uploads\/2023\/05\/SITE-MEDIO.png\" alt=\"\" class=\"wp-image-12661\"\/><\/figure>\n","protected":false},"excerpt":{"rendered":"<p>As inscri\u00e7\u00f5es para o Exame Nacional do Ensino M\u00e9dio (Enem) come\u00e7am na pr\u00f3xima segunda-feira (5). Interessados em participar do certame, que ser\u00e1 aplicado nos dias 5 e 12 de novembro, t\u00eam at\u00e9 o dia 16 de junho para fazer o cadastro na\u00a0P\u00e1gina do Participante. A taxa de inscri\u00e7\u00e3o \u00e9 R$ 85 e deve ser paga [&hellip;]<\/p>\n","protected":false},"author":2,"featured_media":13155,"comment_status":"open","ping_status":"open","sticky":false,"template":"","format":"standard","meta":{"footnotes":""},"categories":[184],"tags":[172],"class_list":["post-13154","post","type-post","status-publish","format-standard","has-post-thumbnail","hentry","category-local","tag-featured"],"amp_enabled":true,"_links":{"self":[{"href":"https:\/\/radiostudiow.com.br\/site\/wp-json\/wp\/v2\/posts\/13154","targetHints":{"allow":["GET"]}}],"collection":[{"href":"https:\/\/radiostudiow.com.br\/site\/wp-json\/wp\/v2\/posts"}],"about":[{"href":"https:\/\/radiostudiow.com.br\/site\/wp-json\/wp\/v2\/types\/post"}],"author":[{"embeddable":true,"href":"https:\/\/radiostudiow.com.br\/site\/wp-json\/wp\/v2\/users\/2"}],"replies":[{"embeddable":true,"href":"https:\/\/radiostudiow.com.br\/site\/wp-json\/wp\/v2\/comments?post=13154"}],"version-history":[{"count":1,"href":"https:\/\/radiostudiow.com.br\/site\/wp-json\/wp\/v2\/posts\/13154\/revisions"}],"predecessor-version":[{"id":13156,"href":"https:\/\/radiostudiow.com.br\/site\/wp-json\/wp\/v2\/posts\/13154\/revisions\/13156"}],"wp:featuredmedia":[{"embeddable":true,"href":"https:\/\/radiostudiow.com.br\/site\/wp-json\/wp\/v2\/media\/13155"}],"wp:attachment":[{"href":"https:\/\/radiostudiow.com.br\/site\/wp-json\/wp\/v2\/media?parent=13154"}],"wp:term":[{"taxonomy":"category","embeddable":true,"href":"https:\/\/radiostudiow.com.br\/site\/wp-json\/wp\/v2\/categories?post=13154"},{"taxonomy":"post_tag","embeddable":true,"href":"https:\/\/radiostudiow.com.br\/site\/wp-json\/wp\/v2\/tags?post=13154"}],"curies":[{"name":"wp","href":"https:\/\/api.w.org\/{rel}","templated":true}]}}