{"id":13169,"date":"2023-06-03T10:37:46","date_gmt":"2023-06-03T13:37:46","guid":{"rendered":"https:\/\/radiostudiow.com.br\/site\/?p=13169"},"modified":"2025-01-31T15:06:45","modified_gmt":"2025-01-31T18:06:45","slug":"mallet-estreia-com-vitorias-nos-jogos-da-juventude-do-parana","status":"publish","type":"post","link":"https:\/\/radiostudiow.com.br\/site\/2023\/06\/03\/mallet-estreia-com-vitorias-nos-jogos-da-juventude-do-parana\/","title":{"rendered":"MALLET ESTREIA COM VIT\u00d3RIAS NOS JOGOS DA JUVENTUDE DO PARAN\u00c1"},"content":{"rendered":"\n<figure class=\"wp-block-image size-large\"><img decoding=\"async\" src=\"https:\/\/radiostudiow.com.br\/site\/wp-content\/uploads\/2023\/05\/image-8-1024x392.png\" alt=\"\" class=\"wp-image-12937\"\/><\/figure>\n\n\n\n<p>N\u00e3o poderia ser melhor o inicio dos 35\u00ba JOJUPS fase regional que est\u00e1 acontecendo na cidade de Irati.<br>Nesta sexta-feira (02), as meninas da sele\u00e7\u00e3o malletense de futsal e do v\u00f4lei sub 17 fizeram bonito e estrearam com vit\u00f3rias.<\/p>\n\n\n\n<p>As 08:00 horas no Gin\u00e1sio de Esportes do SESI, o futsal feminino comandado pelo Professor Gilmar Uniat, n\u00e3o deixou duvida nenhuma vencendo nada mais do que a cidade de Uni\u00e3o da Vit\u00f3ria.<\/p>\n\n\n\n<h2 class=\"wp-block-heading\">MALLET 04 X 02 UNI\u00c3O DA VIT\u00d3RIA<\/h2>\n\n\n\n<figure class=\"wp-block-image size-large\"><img loading=\"lazy\" decoding=\"async\" width=\"1024\" height=\"719\" src=\"https:\/\/radiostudiow.com.br\/site\/wp-content\/uploads\/2023\/06\/9225caf2-9543-4d0d-920f-ad3cb9b0dda7-1024x719.jpg\" alt=\"\" class=\"wp-image-13170\" srcset=\"https:\/\/radiostudiow.com.br\/site\/wp-content\/uploads\/2023\/06\/9225caf2-9543-4d0d-920f-ad3cb9b0dda7-1024x719.jpg 1024w, https:\/\/radiostudiow.com.br\/site\/wp-content\/uploads\/2023\/06\/9225caf2-9543-4d0d-920f-ad3cb9b0dda7-300x211.jpg 300w, https:\/\/radiostudiow.com.br\/site\/wp-content\/uploads\/2023\/06\/9225caf2-9543-4d0d-920f-ad3cb9b0dda7-768x539.jpg 768w, https:\/\/radiostudiow.com.br\/site\/wp-content\/uploads\/2023\/06\/9225caf2-9543-4d0d-920f-ad3cb9b0dda7.jpg 1280w\" sizes=\"auto, (max-width: 1024px) 100vw, 1024px\" \/><\/figure>\n\n\n\n<figure class=\"wp-block-image size-full\"><img decoding=\"async\" src=\"https:\/\/radiostudiow.com.br\/site\/wp-content\/uploads\/2023\/05\/image-2.png\" alt=\"\" class=\"wp-image-12867\"\/><\/figure>\n\n\n\n<p>A tarde as 13:00 horas no Gin\u00e1sio Municipal de Esportes Agostinho Zarpellon Junior (Batat\u00e3o), o v\u00f4lei feminino da T\u00e9cnica Professora Graciele Tallar, venceu a cidade de Quedas do Igua\u00e7u por dois sets a zero, mostrando entrosamento entre a equipe.<\/p>\n\n\n\n<h2 class=\"wp-block-heading\">MALLET 02 X 00 QUEDAS DO IGUA\u00c7U<\/h2>\n\n\n\n<p>Parciais de: 25 X 11 &#8211; 25 X 22<\/p>\n\n\n\n<figure class=\"wp-block-image size-large\"><img loading=\"lazy\" decoding=\"async\" width=\"1024\" height=\"768\" src=\"https:\/\/radiostudiow.com.br\/site\/wp-content\/uploads\/2023\/06\/f29e77c6-0676-40ef-b832-17bc737a50b5-1024x768.jpg\" alt=\"\" class=\"wp-image-13171\" srcset=\"https:\/\/radiostudiow.com.br\/site\/wp-content\/uploads\/2023\/06\/f29e77c6-0676-40ef-b832-17bc737a50b5-1024x768.jpg 1024w, https:\/\/radiostudiow.com.br\/site\/wp-content\/uploads\/2023\/06\/f29e77c6-0676-40ef-b832-17bc737a50b5-300x225.jpg 300w, https:\/\/radiostudiow.com.br\/site\/wp-content\/uploads\/2023\/06\/f29e77c6-0676-40ef-b832-17bc737a50b5-768x576.jpg 768w, https:\/\/radiostudiow.com.br\/site\/wp-content\/uploads\/2023\/06\/f29e77c6-0676-40ef-b832-17bc737a50b5-1536x1152.jpg 1536w, https:\/\/radiostudiow.com.br\/site\/wp-content\/uploads\/2023\/06\/f29e77c6-0676-40ef-b832-17bc737a50b5.jpg 1600w\" sizes=\"auto, (max-width: 1024px) 100vw, 1024px\" \/><\/figure>\n\n\n\n<p>Neste s\u00e1bado dia 03 de junho \u00e9 a vez da estreia dos nossos meninos do futsal.<br>As 16:00 horas no Gin\u00e1sio do IFPR,<\/p>\n\n\n\n<h2 class=\"wp-block-heading\">MALLET X QUEDAS DO IGUA\u00c7U<\/h2>\n\n\n\n<p>Para o Secret\u00e1rio de Esportes de Mallet Valdir Wladyka, os resultados positivos \u00e9 fruto de um trabalho s\u00e9rio e competente das escolinhas de futsal e de v\u00f4lei do munic\u00edpio. <em>\u201c\u00c9 vis\u00edvel \u00e0 evolu\u00e7\u00e3o dos nossos atletas que est\u00e3o participando dos 35\u00ba Jogos Da Juventude Do Paran\u00e1, pois os professores se dedicam em suas aulas e treinamentos, levando n\u00e3o s\u00f3 para a cidade, mas tamb\u00e9m para os Distritos de Dorizon e Rio Claro do Sul e com isso os frutos aparecem\u201d, destacou Wladyka a nossa Reportagem.<\/em><\/p>\n\n\n\n<figure class=\"wp-block-image size-full\"><img decoding=\"async\" src=\"https:\/\/radiostudiow.com.br\/site\/wp-content\/uploads\/2023\/05\/SITE-MEDIO.png\" alt=\"\" class=\"wp-image-12661\"\/><\/figure>\n\n\n\n<p>E as competi\u00e7\u00f5es continuam nesse fim de semana para o feminino tamb\u00e9m.<br><strong>As meninas do futsal jogam as 14:15 horas no Gin\u00e1sio de Esportes Camil\u00e3o no Munic\u00edpio de Rebou\u00e7as <\/strong><\/p>\n\n\n\n<h2 class=\"wp-block-heading\">TURVO X MALLET<\/h2>\n\n\n\n<p><strong>J\u00e1 o v\u00f4lei feminino folga neste s\u00e1bado, mas volta \u00e0 quadra no domingo (04), para enfrentar as donas da casa no Gin\u00e1sio Municipal de Esportes Agostinho Zarpellon Junior (Batat\u00e3o)<\/strong><\/p>\n\n\n\n<h2 class=\"wp-block-heading\">MALLET X IRATI<\/h2>\n","protected":false},"excerpt":{"rendered":"<p>N\u00e3o poderia ser melhor o inicio dos 35\u00ba JOJUPS fase regional que est\u00e1 acontecendo na cidade de Irati.Nesta sexta-feira (02), as meninas da sele\u00e7\u00e3o malletense de futsal e do v\u00f4lei sub 17 fizeram bonito e estrearam com vit\u00f3rias. As 08:00 horas no Gin\u00e1sio de Esportes do SESI, o futsal feminino comandado pelo Professor Gilmar Uniat, [&hellip;]<\/p>\n","protected":false},"author":2,"featured_media":13165,"comment_status":"open","ping_status":"open","sticky":false,"template":"","format":"standard","meta":{"footnotes":""},"categories":[184],"tags":[172],"class_list":["post-13169","post","type-post","status-publish","format-standard","has-post-thumbnail","hentry","category-local","tag-featured"],"amp_enabled":true,"_links":{"self":[{"href":"https:\/\/radiostudiow.com.br\/site\/wp-json\/wp\/v2\/posts\/13169","targetHints":{"allow":["GET"]}}],"collection":[{"href":"https:\/\/radiostudiow.com.br\/site\/wp-json\/wp\/v2\/posts"}],"about":[{"href":"https:\/\/radiostudiow.com.br\/site\/wp-json\/wp\/v2\/types\/post"}],"author":[{"embeddable":true,"href":"https:\/\/radiostudiow.com.br\/site\/wp-json\/wp\/v2\/users\/2"}],"replies":[{"embeddable":true,"href":"https:\/\/radiostudiow.com.br\/site\/wp-json\/wp\/v2\/comments?post=13169"}],"version-history":[{"count":1,"href":"https:\/\/radiostudiow.com.br\/site\/wp-json\/wp\/v2\/posts\/13169\/revisions"}],"predecessor-version":[{"id":13172,"href":"https:\/\/radiostudiow.com.br\/site\/wp-json\/wp\/v2\/posts\/13169\/revisions\/13172"}],"wp:featuredmedia":[{"embeddable":true,"href":"https:\/\/radiostudiow.com.br\/site\/wp-json\/wp\/v2\/media\/13165"}],"wp:attachment":[{"href":"https:\/\/radiostudiow.com.br\/site\/wp-json\/wp\/v2\/media?parent=13169"}],"wp:term":[{"taxonomy":"category","embeddable":true,"href":"https:\/\/radiostudiow.com.br\/site\/wp-json\/wp\/v2\/categories?post=13169"},{"taxonomy":"post_tag","embeddable":true,"href":"https:\/\/radiostudiow.com.br\/site\/wp-json\/wp\/v2\/tags?post=13169"}],"curies":[{"name":"wp","href":"https:\/\/api.w.org\/{rel}","templated":true}]}}