{"id":13451,"date":"2023-06-22T10:59:23","date_gmt":"2023-06-22T13:59:23","guid":{"rendered":"https:\/\/radiostudiow.com.br\/site\/?p=13451"},"modified":"2025-01-31T15:06:43","modified_gmt":"2025-01-31T18:06:43","slug":"projeto-mallet-mais-saudavel-novos-habitos-de-vida","status":"publish","type":"post","link":"https:\/\/radiostudiow.com.br\/site\/2023\/06\/22\/projeto-mallet-mais-saudavel-novos-habitos-de-vida\/","title":{"rendered":"PROJETO MALLET MAIS SAUD\u00c1VEL: NOVOS H\u00c1BITOS DE VIDA"},"content":{"rendered":"\n<p>Sabemos o quanto \u00e9 importante oferecer um acompanhamento integral aos pacientes que t\u00eam indica\u00e7\u00e3o para cirurgia bari\u00e1trica em Mallet. \u00c9 por isso que o nosso projeto se dedica a cuidar n\u00e3o s\u00f3 do aspecto f\u00edsico, mas tamb\u00e9m social e psicol\u00f3gico desses pacientes.<\/p>\n\n\n\n<figure class=\"wp-block-image size-full\"><img loading=\"lazy\" decoding=\"async\" width=\"897\" height=\"204\" src=\"https:\/\/radiostudiow.com.br\/site\/wp-content\/uploads\/2023\/06\/image-10.png\" alt=\"\" class=\"wp-image-13307\" srcset=\"https:\/\/radiostudiow.com.br\/site\/wp-content\/uploads\/2023\/06\/image-10.png 897w, https:\/\/radiostudiow.com.br\/site\/wp-content\/uploads\/2023\/06\/image-10-300x68.png 300w, https:\/\/radiostudiow.com.br\/site\/wp-content\/uploads\/2023\/06\/image-10-768x175.png 768w\" sizes=\"auto, (max-width: 897px) 100vw, 897px\" \/><\/figure>\n\n\n\n<p>Acreditamos na import\u00e2ncia da informa\u00e7\u00e3o e do apoio m\u00fatuo. Por isso, oferecemos encontros educativos em formato de grupos, nos quais os pacientes t\u00eam a oportunidade de desmistificar inverdades e mitos relacionados \u00e0 cirurgia. Al\u00e9m disso, tamb\u00e9m oferecemos acompanhamento multiprofissional individualizado.<\/p>\n\n\n\n<p>Valorizamos o papel da fam\u00edlia nesse processo. A participa\u00e7\u00e3o dos familiares come\u00e7a antes mesmo da cirurgia, com a presen\u00e7a em palestras educativas ao lado dos pacientes. Dessa forma, todos podem compreender melhor cada etapa do processo.<\/p>\n\n\n\n<p>Nosso trabalho vai al\u00e9m dos cuidados m\u00e9dicos. A equipe multidisciplinar, por meio da assist\u00eancia social, orienta sobre o momento adequado para a cirurgia e a import\u00e2ncia de contar com um suporte p\u00f3s-operat\u00f3rio adequado. Tamb\u00e9m oferecemos orienta\u00e7\u00f5es sobre os direitos do paciente, como o afastamento do trabalho e outros benef\u00edcios que podem ser acessados ap\u00f3s a cirurgia.<\/p>\n\n\n\n<figure class=\"wp-block-image size-large\"><img decoding=\"async\" src=\"https:\/\/radiostudiow.com.br\/site\/wp-content\/uploads\/2023\/05\/image-8-1024x392.png\" alt=\"\" class=\"wp-image-12937\"\/><\/figure>\n\n\n\n<p><strong>Anote em sua agenda: no dia 06\/07\/2023, \u00e0s 18h00min, teremos um encontro com a Assistente Social Amanda Fernandes na Unidade de Sa\u00fade e Bem Estar.<\/strong><\/p>\n\n\n\n<p><em>O tema ser\u00e1 &#8220;Qual o melhor momento para a escolha da cirurgia?&#8221;. N\u00e3o perca essa oportunidade de esclarecer suas d\u00favidas!<\/em><\/p>\n\n\n\n<p><strong>Para mais informa\u00e7\u00f5es, entre em contato pelo telefone: 042 3542 1423.<\/strong><\/p>\n","protected":false},"excerpt":{"rendered":"<p>Sabemos o quanto \u00e9 importante oferecer um acompanhamento integral aos pacientes que t\u00eam indica\u00e7\u00e3o para cirurgia bari\u00e1trica em Mallet. \u00c9 por isso que o nosso projeto se dedica a cuidar n\u00e3o s\u00f3 do aspecto f\u00edsico, mas tamb\u00e9m social e psicol\u00f3gico desses pacientes. Acreditamos na import\u00e2ncia da informa\u00e7\u00e3o e do apoio m\u00fatuo. Por isso, oferecemos encontros [&hellip;]<\/p>\n","protected":false},"author":2,"featured_media":13452,"comment_status":"open","ping_status":"open","sticky":false,"template":"","format":"standard","meta":{"footnotes":""},"categories":[184],"tags":[172],"class_list":["post-13451","post","type-post","status-publish","format-standard","has-post-thumbnail","hentry","category-local","tag-featured"],"amp_enabled":true,"_links":{"self":[{"href":"https:\/\/radiostudiow.com.br\/site\/wp-json\/wp\/v2\/posts\/13451","targetHints":{"allow":["GET"]}}],"collection":[{"href":"https:\/\/radiostudiow.com.br\/site\/wp-json\/wp\/v2\/posts"}],"about":[{"href":"https:\/\/radiostudiow.com.br\/site\/wp-json\/wp\/v2\/types\/post"}],"author":[{"embeddable":true,"href":"https:\/\/radiostudiow.com.br\/site\/wp-json\/wp\/v2\/users\/2"}],"replies":[{"embeddable":true,"href":"https:\/\/radiostudiow.com.br\/site\/wp-json\/wp\/v2\/comments?post=13451"}],"version-history":[{"count":1,"href":"https:\/\/radiostudiow.com.br\/site\/wp-json\/wp\/v2\/posts\/13451\/revisions"}],"predecessor-version":[{"id":13453,"href":"https:\/\/radiostudiow.com.br\/site\/wp-json\/wp\/v2\/posts\/13451\/revisions\/13453"}],"wp:featuredmedia":[{"embeddable":true,"href":"https:\/\/radiostudiow.com.br\/site\/wp-json\/wp\/v2\/media\/13452"}],"wp:attachment":[{"href":"https:\/\/radiostudiow.com.br\/site\/wp-json\/wp\/v2\/media?parent=13451"}],"wp:term":[{"taxonomy":"category","embeddable":true,"href":"https:\/\/radiostudiow.com.br\/site\/wp-json\/wp\/v2\/categories?post=13451"},{"taxonomy":"post_tag","embeddable":true,"href":"https:\/\/radiostudiow.com.br\/site\/wp-json\/wp\/v2\/tags?post=13451"}],"curies":[{"name":"wp","href":"https:\/\/api.w.org\/{rel}","templated":true}]}}