{"id":13497,"date":"2023-06-25T15:11:44","date_gmt":"2023-06-25T18:11:44","guid":{"rendered":"https:\/\/radiostudiow.com.br\/site\/?p=13497"},"modified":"2025-01-31T15:06:43","modified_gmt":"2025-01-31T18:06:43","slug":"veiculo-capota-na-avenida-dos-ferroviarios-em-mallet","status":"publish","type":"post","link":"https:\/\/radiostudiow.com.br\/site\/2023\/06\/25\/veiculo-capota-na-avenida-dos-ferroviarios-em-mallet\/","title":{"rendered":"VE\u00cdCULO CAPOTA NA AVENIDA DOS FERROVI\u00c1RIOS EM MALLET"},"content":{"rendered":"<div class=\"wp-block-image\">\n<figure class=\"aligncenter size-full\"><img decoding=\"async\" src=\"https:\/\/radiostudiow.com.br\/site\/wp-content\/uploads\/2023\/05\/SITE-MEDIO.png\" alt=\"\" class=\"wp-image-12661\"\/><\/figure>\n<\/div>\n\n\n<p>No final da tarde deste s\u00e1bado (24), por volta das 17:45 horas, os Bombeiros Comunit\u00e1rios de Mallet, foram acionados para atender a um\u00a0 acidente envolvendo um ve\u00edculo\u00a0 FORD\/EcoSport com placas de Uni\u00e3o da Vit\u00f3ria, que teria capotamento na Avenida dos Ferrovi\u00e1rios na cidade de Mallet.<\/p>\n\n\n\n<p>De acordo com informa\u00e7\u00f5es, n\u00e3o houve atendimento dos bombeiros comunit\u00e1rios pois o condutor teria se evadido do local do acidente.<\/p>\n\n\n\n<p>Segundo a propriet\u00e1ria do autom\u00f3vel, ela teria comentado com os agentes que havia emprestado o seu ve\u00edculo a um rapaz, o qual acabou capotando o carro, resultando apenas em danos materiais.<\/p>\n\n\n<div class=\"wp-block-image\">\n<figure class=\"aligncenter size-full\"><img decoding=\"async\" src=\"https:\/\/radiostudiow.com.br\/site\/wp-content\/uploads\/2022\/06\/NUTRI-MALLET.jpg\" alt=\"\" class=\"wp-image-7772\"\/><\/figure>\n<\/div>\n\n\n<figure class=\"wp-block-gallery aligncenter has-nested-images columns-1 is-cropped wp-block-gallery-1 is-layout-flex wp-block-gallery-is-layout-flex\">\n<figure class=\"wp-block-image size-large\"><img loading=\"lazy\" decoding=\"async\" width=\"576\" height=\"1024\" data-id=\"13502\" src=\"https:\/\/radiostudiow.com.br\/site\/wp-content\/uploads\/2023\/06\/Imagem-do-WhatsApp-de-2023-06-25-as-15.00.49-1-576x1024.jpg\" alt=\"\" class=\"wp-image-13502\" srcset=\"https:\/\/radiostudiow.com.br\/site\/wp-content\/uploads\/2023\/06\/Imagem-do-WhatsApp-de-2023-06-25-as-15.00.49-1-576x1024.jpg 576w, https:\/\/radiostudiow.com.br\/site\/wp-content\/uploads\/2023\/06\/Imagem-do-WhatsApp-de-2023-06-25-as-15.00.49-1-169x300.jpg 169w, https:\/\/radiostudiow.com.br\/site\/wp-content\/uploads\/2023\/06\/Imagem-do-WhatsApp-de-2023-06-25-as-15.00.49-1-768x1366.jpg 768w, https:\/\/radiostudiow.com.br\/site\/wp-content\/uploads\/2023\/06\/Imagem-do-WhatsApp-de-2023-06-25-as-15.00.49-1-864x1536.jpg 864w, https:\/\/radiostudiow.com.br\/site\/wp-content\/uploads\/2023\/06\/Imagem-do-WhatsApp-de-2023-06-25-as-15.00.49-1.jpg 899w\" sizes=\"auto, (max-width: 576px) 100vw, 576px\" \/><\/figure>\n\n\n\n<figure class=\"wp-block-image size-large\"><img loading=\"lazy\" decoding=\"async\" width=\"1024\" height=\"707\" data-id=\"13501\" src=\"https:\/\/radiostudiow.com.br\/site\/wp-content\/uploads\/2023\/06\/Imagem-do-WhatsApp-de-2023-06-25-as-15.01.11-2-1024x707.jpg\" alt=\"\" class=\"wp-image-13501\" srcset=\"https:\/\/radiostudiow.com.br\/site\/wp-content\/uploads\/2023\/06\/Imagem-do-WhatsApp-de-2023-06-25-as-15.01.11-2-1024x707.jpg 1024w, https:\/\/radiostudiow.com.br\/site\/wp-content\/uploads\/2023\/06\/Imagem-do-WhatsApp-de-2023-06-25-as-15.01.11-2-300x207.jpg 300w, https:\/\/radiostudiow.com.br\/site\/wp-content\/uploads\/2023\/06\/Imagem-do-WhatsApp-de-2023-06-25-as-15.01.11-2-768x530.jpg 768w, https:\/\/radiostudiow.com.br\/site\/wp-content\/uploads\/2023\/06\/Imagem-do-WhatsApp-de-2023-06-25-as-15.01.11-2.jpg 1080w\" sizes=\"auto, (max-width: 1024px) 100vw, 1024px\" \/><\/figure>\n\n\n\n<figure class=\"wp-block-image size-large\"><img loading=\"lazy\" decoding=\"async\" width=\"1024\" height=\"576\" data-id=\"13503\" src=\"https:\/\/radiostudiow.com.br\/site\/wp-content\/uploads\/2023\/06\/image-23-1024x576.png\" alt=\"\" class=\"wp-image-13503\" srcset=\"https:\/\/radiostudiow.com.br\/site\/wp-content\/uploads\/2023\/06\/image-23-1024x576.png 1024w, https:\/\/radiostudiow.com.br\/site\/wp-content\/uploads\/2023\/06\/image-23-300x169.png 300w, https:\/\/radiostudiow.com.br\/site\/wp-content\/uploads\/2023\/06\/image-23-768x432.png 768w, https:\/\/radiostudiow.com.br\/site\/wp-content\/uploads\/2023\/06\/image-23.png 1280w\" sizes=\"auto, (max-width: 1024px) 100vw, 1024px\" \/><\/figure>\n<\/figure>\n","protected":false},"excerpt":{"rendered":"<p>No final da tarde deste s\u00e1bado (24), por volta das 17:45 horas, os Bombeiros Comunit\u00e1rios de Mallet, foram acionados para atender a um\u00a0 acidente envolvendo um ve\u00edculo\u00a0 FORD\/EcoSport com placas de Uni\u00e3o da Vit\u00f3ria, que teria capotamento na Avenida dos Ferrovi\u00e1rios na cidade de Mallet. De acordo com informa\u00e7\u00f5es, n\u00e3o houve atendimento dos bombeiros comunit\u00e1rios [&hellip;]<\/p>\n","protected":false},"author":2,"featured_media":13503,"comment_status":"open","ping_status":"open","sticky":false,"template":"","format":"standard","meta":{"footnotes":""},"categories":[7,184],"tags":[172],"class_list":["post-13497","post","type-post","status-publish","format-standard","has-post-thumbnail","hentry","category-geral","category-local","tag-featured"],"amp_enabled":true,"_links":{"self":[{"href":"https:\/\/radiostudiow.com.br\/site\/wp-json\/wp\/v2\/posts\/13497","targetHints":{"allow":["GET"]}}],"collection":[{"href":"https:\/\/radiostudiow.com.br\/site\/wp-json\/wp\/v2\/posts"}],"about":[{"href":"https:\/\/radiostudiow.com.br\/site\/wp-json\/wp\/v2\/types\/post"}],"author":[{"embeddable":true,"href":"https:\/\/radiostudiow.com.br\/site\/wp-json\/wp\/v2\/users\/2"}],"replies":[{"embeddable":true,"href":"https:\/\/radiostudiow.com.br\/site\/wp-json\/wp\/v2\/comments?post=13497"}],"version-history":[{"count":1,"href":"https:\/\/radiostudiow.com.br\/site\/wp-json\/wp\/v2\/posts\/13497\/revisions"}],"predecessor-version":[{"id":13504,"href":"https:\/\/radiostudiow.com.br\/site\/wp-json\/wp\/v2\/posts\/13497\/revisions\/13504"}],"wp:featuredmedia":[{"embeddable":true,"href":"https:\/\/radiostudiow.com.br\/site\/wp-json\/wp\/v2\/media\/13503"}],"wp:attachment":[{"href":"https:\/\/radiostudiow.com.br\/site\/wp-json\/wp\/v2\/media?parent=13497"}],"wp:term":[{"taxonomy":"category","embeddable":true,"href":"https:\/\/radiostudiow.com.br\/site\/wp-json\/wp\/v2\/categories?post=13497"},{"taxonomy":"post_tag","embeddable":true,"href":"https:\/\/radiostudiow.com.br\/site\/wp-json\/wp\/v2\/tags?post=13497"}],"curies":[{"name":"wp","href":"https:\/\/api.w.org\/{rel}","templated":true}]}}