{"id":13517,"date":"2023-06-27T10:43:50","date_gmt":"2023-06-27T13:43:50","guid":{"rendered":"https:\/\/radiostudiow.com.br\/site\/?p=13517"},"modified":"2025-01-31T15:06:43","modified_gmt":"2025-01-31T18:06:43","slug":"sicredi-e-governo-do-estado-do-parana-parceria-na-semana-das-energias-renovaveis-para-estimulo-a-aquisicao-de-paineis-fotovoltaicos","status":"publish","type":"post","link":"https:\/\/radiostudiow.com.br\/site\/2023\/06\/27\/sicredi-e-governo-do-estado-do-parana-parceria-na-semana-das-energias-renovaveis-para-estimulo-a-aquisicao-de-paineis-fotovoltaicos\/","title":{"rendered":"SICREDI E GOVERNO DO ESTADO DO PARAN\u00c1: PARCERIA NA SEMANA DAS ENERGIAS RENOV\u00c1VEIS PARA EST\u00cdMULO \u00c0 AQUISI\u00c7\u00c3O DE PAIN\u00c9IS FOTOVOLTAICOS\u00a0"},"content":{"rendered":"\n<p><em><strong>Institui\u00e7\u00e3o financeira cooperativa participa de iniciativa promovida pelo IDR-Paran\u00e1 de 26 a 30 de junho. Objetivo \u00e9 estimular a gera\u00e7\u00e3o de energia a partir de fontes renov\u00e1veis<\/strong><\/em>.<\/p>\n\n\n\n<figure class=\"wp-block-image size-large\"><img decoding=\"async\" src=\"https:\/\/radiostudiow.com.br\/site\/wp-content\/uploads\/2023\/05\/image-8-1024x392.png\" alt=\"\" class=\"wp-image-12937\"\/><\/figure>\n\n\n\n<p>O Sicredi tem focado em solu\u00e7\u00f5es financeiras sustent\u00e1veis para impulsionar o crescimento econ\u00f4mico e social nas regi\u00f5es onde atua. Apenas em 2022, foram liberados R$ 525,4 milh\u00f5es para o financiamento de energia solar e biog\u00e1s nos estados do Paran\u00e1, S\u00e3o Paulo e Rio de Janeiro, beneficiando mais de 10,5 mil associados. Nacionalmente, a institui\u00e7\u00e3o financeira cooperativa det\u00e9m uma carteira de cr\u00e9dito destinada \u00e0 energia solar de cerca de R$ 6 bilh\u00f5es.<\/p>\n\n\n\n<p>Para expandir ainda mais o alcance das solu\u00e7\u00f5es de energia limpa no Paran\u00e1, o Sicredi&nbsp; participa da Semana das Energias Renov\u00e1veis, de 26 a 30 de junho. Essa iniciativa promovida pelo IDR-Paran\u00e1 (Instituto de Desenvolvimento Rural do Paran\u00e1 \u2013 Iapar-Emater) tem como objetivo divulgar e estimular a ado\u00e7\u00e3o de gera\u00e7\u00e3o pr\u00f3pria de energia, seja solar ou biog\u00e1s, por produtores rurais, cooperativas e agroind\u00fastrias.<\/p>\n\n\n\n<p><em>\u201cO Sicredi atua engajado na busca por iniciativas ecoeficientes, e, com isso, oferece as melhores op\u00e7\u00f5es de cr\u00e9dito para instala\u00e7\u00e3o de pain\u00e9is fotovoltaicos e outras formas de energia limpa. Essa atua\u00e7\u00e3o ganhar\u00e1 ainda mais destaque com a Semana das Energias Renov\u00e1veis. As equipes das nossas ag\u00eancias no Paran\u00e1 est\u00e3o preparadas para oferecer atendimento consultivo e solu\u00e7\u00f5es personalizadas. Al\u00e9m disso, disponibilizamos financiamentos com taxas justas para que nossos associados possam verificar na pr\u00e1tica a viabilidade da energia solar, tanto pela sustentabilidade quanto pela economia gerada\u201d, afirma o gerente de Desenvolvimento de Neg\u00f3cios da Central Sicredi PR\/SP\/RJ, Gilson Nogueira Farias.<\/em><\/p>\n\n\n\n<figure class=\"wp-block-image size-full\"><img loading=\"lazy\" decoding=\"async\" width=\"897\" height=\"204\" src=\"https:\/\/radiostudiow.com.br\/site\/wp-content\/uploads\/2023\/06\/image-10.png\" alt=\"\" class=\"wp-image-13307\" srcset=\"https:\/\/radiostudiow.com.br\/site\/wp-content\/uploads\/2023\/06\/image-10.png 897w, https:\/\/radiostudiow.com.br\/site\/wp-content\/uploads\/2023\/06\/image-10-300x68.png 300w, https:\/\/radiostudiow.com.br\/site\/wp-content\/uploads\/2023\/06\/image-10-768x175.png 768w\" sizes=\"auto, (max-width: 897px) 100vw, 897px\" \/><\/figure>\n\n\n\n<h2 class=\"wp-block-heading\"><strong>Sicredi: maior cobertura geogr\u00e1fica no Paran\u00e1<\/strong><\/h2>\n\n\n\n<p>Com a inaugura\u00e7\u00e3o de 76 ag\u00eancias nos \u00faltimos cinco anos, o Sicredi se consolida como a institui\u00e7\u00e3o financeira com a maior rede de atendimento do Paran\u00e1. Ao todo, s\u00e3o 459 ag\u00eancias em 331 dos 399 munic\u00edpios paranaenses. Al\u00e9m da expans\u00e3o nas grandes e m\u00e9dias cidades paranaenses, a institui\u00e7\u00e3o financeira cooperativa segue fortalecendo o relacionamento com os associados em localidades menores, contribuindo para a inclus\u00e3o financeira e democratiza\u00e7\u00e3o no acesso a produtos e servi\u00e7os. No Paran\u00e1, o Sicredi \u00e9 a \u00fanica op\u00e7\u00e3o de institui\u00e7\u00e3o financeira fisicamente presente em 58 munic\u00edpios.<\/p>\n\n\n\n<p>Essa ampla capilaridade estadual \u00e9 uma das raz\u00f5es pelas quais o Sicredi \u00e9 parceiro do governo na promo\u00e7\u00e3o da Semana Estadual das Energias Renov\u00e1veis.<\/p>\n\n\n\n<h2 class=\"wp-block-heading\"><strong>Capta\u00e7\u00f5es hist\u00f3ricas financiam linhas de cr\u00e9dito<\/strong><\/h2>\n\n\n\n<p>Recentemente, o Sicredi firmou um acordo com o Banco Europeu de Investimento (BEI), maior banco p\u00fablico multilateral do mundo, com o objetivo de fomentar o uso de energia renov\u00e1vel no Brasil. O empr\u00e9stimo de \u20ac 200 milh\u00f5es ser\u00e1 destinado para o financiamento de instala\u00e7\u00e3o de placas fotovoltaicas em resid\u00eancias, pequenas e m\u00e9dias empresas e propriedades rurais.<\/p>\n\n\n\n<p>Essa n\u00e3o \u00e9 a primeira capta\u00e7\u00e3o de grande porte feita pela institui\u00e7\u00e3o financeira cooperativa visando promover fontes de energia renov\u00e1vel no Brasil. Em junho de 2022, o Sicredi emitiu a primeira Letra Financeira P\u00fablica Sustent\u00e1vel do pa\u00eds, no valor de R$ 780 milh\u00f5es. Esses recursos foram convertidos em cr\u00e9dito para projetos alinhados \u00e0 sustentabilidade.<\/p>\n\n\n\n<p>Em 2021, o Sicredi estabeleceu uma parceria de capta\u00e7\u00e3o com a International Finance Corporation (IFC), membro do grupo Banco Mundial, para atender \u00e0 crescente demanda por cr\u00e9dito destinado \u00e0 instala\u00e7\u00e3o de sistemas de energia fotovoltaica. Essa opera\u00e7\u00e3o, certificada pela Climate Bonds Initiative (CBI), foi a primeira realizada por uma institui\u00e7\u00e3o financeira cooperativa brasileira e envolveu um financiamento internacional de US$ 120 milh\u00f5es.\u00a0<\/p>\n\n\n\n<figure class=\"wp-block-image size-large\"><img decoding=\"async\" src=\"https:\/\/radiostudiow.com.br\/site\/wp-content\/uploads\/2023\/06\/76182-nacional-tela-de-tv-de-agencia-1-copa-do-mundo-fifa-de-futebol-feminino-1024x576.jpg\" alt=\"\" class=\"wp-image-13331\"\/><\/figure>\n\n\n\n<p><em><strong>Sobre o Sicredi<\/strong><\/em><\/p>\n\n\n\n<p><em>O Sicredi \u00e9 uma institui\u00e7\u00e3o financeira cooperativa comprometida com o crescimento de seus associados e com o desenvolvimento das regi\u00f5es onde atua. Possui um modelo de gest\u00e3o que valoriza a participa\u00e7\u00e3o dos mais de 6,5 milh\u00f5es de associados, que exercem o papel de donos do neg\u00f3cio. Com mais de 2.500 ag\u00eancias, o Sicredi est\u00e1 presente fisicamente em todos os estados brasileiros e no Distrito Federal, disponibilizando uma gama completa de solu\u00e7\u00f5es financeiras e n\u00e3o financeiras.<\/em><\/p>\n\n\n\n<p><em>Site do Sicredi:<\/em><a href=\"http:\/\/www.sicredi.com.br\/\" target=\"_blank\" rel=\"noreferrer noopener\"><em>&nbsp;www.sicredi.com.br<\/em><\/a><\/p>\n\n\n\n<p><em>Redes Sociais:<\/em><a href=\"https:\/\/urldefense.proofpoint.com\/v2\/url?u=https-3A__www.facebook.com_Sicredi_&amp;d=DwMGaQ&amp;c=63k7DFQ5NS45K8Wu5uX9Pd1gEa70c_pznLjIw3OxEiE&amp;r=78reeXSRUHsXRv_X52nVFtqn8imrdAy-e5fJ56Qe6zg&amp;m=xAVwqnVpfVTt2Vu2g1Il31gCoCNxIOeNb-plWVTL0kw&amp;s=JKipJ9HxCcwObJ2cU-F6-Mq2sxBtIbmY5-KGbuh8D5g&amp;e=\" target=\"_blank\" rel=\"noreferrer noopener\"><em>&nbsp;Facebook<\/em><\/a><em>&nbsp;|<\/em><a href=\"https:\/\/urldefense.com\/v3\/__https:\/instagram.com\/sicredi__;!!HhhKMSGjjQV-!skJJ34UnCvSNLF9kBxQaX6TqdH0BMtQRpPFHxp7r_5HWfNomTgv3CmM6sPd-DuzGX3gRRA$\" target=\"_blank\" rel=\"noreferrer noopener\"><em>Instagram<\/em><\/a><em>&nbsp;|<\/em><a href=\"https:\/\/urldefense.proofpoint.com\/v2\/url?u=https-3A__twitter.com_sicredi-5Foficial&amp;d=DwMGaQ&amp;c=63k7DFQ5NS45K8Wu5uX9Pd1gEa70c_pznLjIw3OxEiE&amp;r=78reeXSRUHsXRv_X52nVFtqn8imrdAy-e5fJ56Qe6zg&amp;m=xAVwqnVpfVTt2Vu2g1Il31gCoCNxIOeNb-plWVTL0kw&amp;s=rREjz000pYFcmWEEXtLWoXAYGWHjlL0RGR2OhBlfpvg&amp;e=\" target=\"_blank\" rel=\"noreferrer noopener\"><em>&nbsp;Twitter<\/em><\/a><em>&nbsp;|<\/em><a href=\"https:\/\/urldefense.proofpoint.com\/v2\/url?u=https-3A__www.linkedin.com_company_sicredi&amp;d=DwMGaQ&amp;c=63k7DFQ5NS45K8Wu5uX9Pd1gEa70c_pznLjIw3OxEiE&amp;r=78reeXSRUHsXRv_X52nVFtqn8imrdAy-e5fJ56Qe6zg&amp;m=xAVwqnVpfVTt2Vu2g1Il31gCoCNxIOeNb-plWVTL0kw&amp;s=9Afr_6-_zQljoX3PTOiIuUAk3glYTUttfE8zyudIzKg&amp;e=\" target=\"_blank\" rel=\"noreferrer noopener\"><em>&nbsp;LinkedIn<\/em><\/a><em>&nbsp;|<\/em><a href=\"https:\/\/urldefense.proofpoint.com\/v2\/url?u=https-3A__www.youtube.com_user_sicredioficial&amp;d=DwMGaQ&amp;c=63k7DFQ5NS45K8Wu5uX9Pd1gEa70c_pznLjIw3OxEiE&amp;r=78reeXSRUHsXRv_X52nVFtqn8imrdAy-e5fJ56Qe6zg&amp;m=xAVwqnVpfVTt2Vu2g1Il31gCoCNxIOeNb-plWVTL0kw&amp;s=gYFE34Op3aDlZfviXJsdbFh5VGFhNtFoc8XmCLM1DTQ&amp;e=\" target=\"_blank\" rel=\"noreferrer noopener\"><em>&nbsp;YouTube<\/em><\/a><\/p>\n","protected":false},"excerpt":{"rendered":"<p>Institui\u00e7\u00e3o financeira cooperativa participa de iniciativa promovida pelo IDR-Paran\u00e1 de 26 a 30 de junho. Objetivo \u00e9 estimular a gera\u00e7\u00e3o de energia a partir de fontes renov\u00e1veis. O Sicredi tem focado em solu\u00e7\u00f5es financeiras sustent\u00e1veis para impulsionar o crescimento econ\u00f4mico e social nas regi\u00f5es onde atua. Apenas em 2022, foram liberados R$ 525,4 milh\u00f5es para [&hellip;]<\/p>\n","protected":false},"author":2,"featured_media":13518,"comment_status":"open","ping_status":"open","sticky":false,"template":"","format":"standard","meta":{"footnotes":""},"categories":[7],"tags":[172],"class_list":["post-13517","post","type-post","status-publish","format-standard","has-post-thumbnail","hentry","category-geral","tag-featured"],"amp_enabled":true,"_links":{"self":[{"href":"https:\/\/radiostudiow.com.br\/site\/wp-json\/wp\/v2\/posts\/13517","targetHints":{"allow":["GET"]}}],"collection":[{"href":"https:\/\/radiostudiow.com.br\/site\/wp-json\/wp\/v2\/posts"}],"about":[{"href":"https:\/\/radiostudiow.com.br\/site\/wp-json\/wp\/v2\/types\/post"}],"author":[{"embeddable":true,"href":"https:\/\/radiostudiow.com.br\/site\/wp-json\/wp\/v2\/users\/2"}],"replies":[{"embeddable":true,"href":"https:\/\/radiostudiow.com.br\/site\/wp-json\/wp\/v2\/comments?post=13517"}],"version-history":[{"count":1,"href":"https:\/\/radiostudiow.com.br\/site\/wp-json\/wp\/v2\/posts\/13517\/revisions"}],"predecessor-version":[{"id":13519,"href":"https:\/\/radiostudiow.com.br\/site\/wp-json\/wp\/v2\/posts\/13517\/revisions\/13519"}],"wp:featuredmedia":[{"embeddable":true,"href":"https:\/\/radiostudiow.com.br\/site\/wp-json\/wp\/v2\/media\/13518"}],"wp:attachment":[{"href":"https:\/\/radiostudiow.com.br\/site\/wp-json\/wp\/v2\/media?parent=13517"}],"wp:term":[{"taxonomy":"category","embeddable":true,"href":"https:\/\/radiostudiow.com.br\/site\/wp-json\/wp\/v2\/categories?post=13517"},{"taxonomy":"post_tag","embeddable":true,"href":"https:\/\/radiostudiow.com.br\/site\/wp-json\/wp\/v2\/tags?post=13517"}],"curies":[{"name":"wp","href":"https:\/\/api.w.org\/{rel}","templated":true}]}}