{"id":13523,"date":"2023-06-28T11:37:04","date_gmt":"2023-06-28T14:37:04","guid":{"rendered":"https:\/\/radiostudiow.com.br\/site\/?p=13523"},"modified":"2025-01-31T15:06:43","modified_gmt":"2025-01-31T18:06:43","slug":"comecou-nesta-terca-feira-as-inscricoes-para-o-prouni","status":"publish","type":"post","link":"https:\/\/radiostudiow.com.br\/site\/2023\/06\/28\/comecou-nesta-terca-feira-as-inscricoes-para-o-prouni\/","title":{"rendered":"COME\u00c7OU NESTA TER\u00c7A-FEIRA AS INSCRI\u00c7\u00d5ES PARA O PROUNI"},"content":{"rendered":"\n<p><strong><em>Para se inscrever o candidato precisa ter participado da edi\u00e7\u00e3o de 2021 ou de 2022 do Enem, e tenha obtido pontua\u00e7\u00e3o igual ou superior a 450 pontos na m\u00e9dia das notas.<\/em><\/strong><\/p>\n\n\n\n<figure class=\"wp-block-image size-large\"><img decoding=\"async\" src=\"https:\/\/radiostudiow.com.br\/site\/wp-content\/uploads\/2023\/05\/image-8-1024x392.png\" alt=\"\" class=\"wp-image-12937\"\/><\/figure>\n\n\n\n<p>Come\u00e7a nesta ter\u00e7a-feira (27) o prazo de inscri\u00e7\u00e3o no Programa Universidade para Todos (Prouni) para o segundo semestre. Os interessados em participar do processo seletivo ter\u00e3o at\u00e9 o dia 30 de junho para fazer as inscri\u00e7\u00f5es, por meio do Portal \u00danico de Acesso ao Ensino Superior.<\/p>\n\n\n\n<p>O resultado da primeira chamada est\u00e1 previsto para o dia 4 de julho e o da segunda chamada, para 24 de julho. Caso os candidatos n\u00e3o tenham sido selecionados nas chamadas regulares, o programa oferece uma nova oportunidade, pela lista de espera. Para tanto, ser\u00e1 necess\u00e1rio ao candidato manifestar interesse nos dias 14 e 15 de agosto. A divulga\u00e7\u00e3o da lista de espera ser\u00e1 no dia 18 de agosto.<\/p>\n\n\n\n<p><strong>Prouni \u00e9 o programa do governo federal que oferece bolsas de estudo \u2013 integrais e parciais (50%) \u2013 em institui\u00e7\u00f5es particulares de educa\u00e7\u00e3o superior, para cursos de gradua\u00e7\u00e3o e sequenciais de forma\u00e7\u00e3o espec\u00edfica.<\/strong><\/p>\n\n\n\n<p>Para se inscrever no programa, o candidato precisa ter participado da edi\u00e7\u00e3o de 2021 ou de 2022 do Exame Nacional do Ensino M\u00e9dio (Enem), e tenha obtido pontua\u00e7\u00e3o igual ou superior a 450 pontos na m\u00e9dia das notas.<\/p>\n\n\n\n<figure class=\"wp-block-image size-full\"><img loading=\"lazy\" decoding=\"async\" width=\"897\" height=\"204\" src=\"https:\/\/radiostudiow.com.br\/site\/wp-content\/uploads\/2023\/06\/image-10.png\" alt=\"\" class=\"wp-image-13307\" srcset=\"https:\/\/radiostudiow.com.br\/site\/wp-content\/uploads\/2023\/06\/image-10.png 897w, https:\/\/radiostudiow.com.br\/site\/wp-content\/uploads\/2023\/06\/image-10-300x68.png 300w, https:\/\/radiostudiow.com.br\/site\/wp-content\/uploads\/2023\/06\/image-10-768x175.png 768w\" sizes=\"auto, (max-width: 897px) 100vw, 897px\" \/><\/figure>\n\n\n\n<p>Al\u00e9m disso, \u00e9 necess\u00e1rio que n\u00e3o tenha zerado na nota de reda\u00e7\u00e3o, e que o candidato n\u00e3o tenha participado do Enem na condi\u00e7\u00e3o de treineiro \u2013 situa\u00e7\u00e3o em que a participa\u00e7\u00e3o \u00e9 feita para fins de autoavalia\u00e7\u00e3o de estudantes que ainda n\u00e3o conclu\u00edram o Ensino M\u00e9dio.<\/p>\n\n\n\n<p>Para fins de classifica\u00e7\u00e3o e eventual pr\u00e9-sele\u00e7\u00e3o no Prouni, o Minist\u00e9rio da Educa\u00e7\u00e3o utiliza a edi\u00e7\u00e3o do Enem em que o participante obteve o melhor desempenho.<\/p>\n\n\n\n<p>Para ter acesso \u00e0 bolsa integral, o estudante deve comprovar renda familiar bruta mensal de at\u00e9 1,5 sal\u00e1rio m\u00ednimo por pessoa. Para a bolsa parcial, a renda familiar bruta mensal deve ser de at\u00e9 tr\u00eas sal\u00e1rios m\u00ednimos por pessoa.<\/p>\n\n\n\n<figure class=\"wp-block-image size-large\"><img decoding=\"async\" src=\"https:\/\/radiostudiow.com.br\/site\/wp-content\/uploads\/2023\/06\/76182-nacional-tela-de-tv-de-agencia-1-copa-do-mundo-fifa-de-futebol-feminino-1024x576.jpg\" alt=\"\" class=\"wp-image-13331\"\/><\/figure>\n","protected":false},"excerpt":{"rendered":"<p>Para se inscrever o candidato precisa ter participado da edi\u00e7\u00e3o de 2021 ou de 2022 do Enem, e tenha obtido pontua\u00e7\u00e3o igual ou superior a 450 pontos na m\u00e9dia das notas. Come\u00e7a nesta ter\u00e7a-feira (27) o prazo de inscri\u00e7\u00e3o no Programa Universidade para Todos (Prouni) para o segundo semestre. Os interessados em participar do processo [&hellip;]<\/p>\n","protected":false},"author":2,"featured_media":13524,"comment_status":"open","ping_status":"open","sticky":false,"template":"","format":"standard","meta":{"footnotes":""},"categories":[7],"tags":[172],"class_list":["post-13523","post","type-post","status-publish","format-standard","has-post-thumbnail","hentry","category-geral","tag-featured"],"amp_enabled":true,"_links":{"self":[{"href":"https:\/\/radiostudiow.com.br\/site\/wp-json\/wp\/v2\/posts\/13523","targetHints":{"allow":["GET"]}}],"collection":[{"href":"https:\/\/radiostudiow.com.br\/site\/wp-json\/wp\/v2\/posts"}],"about":[{"href":"https:\/\/radiostudiow.com.br\/site\/wp-json\/wp\/v2\/types\/post"}],"author":[{"embeddable":true,"href":"https:\/\/radiostudiow.com.br\/site\/wp-json\/wp\/v2\/users\/2"}],"replies":[{"embeddable":true,"href":"https:\/\/radiostudiow.com.br\/site\/wp-json\/wp\/v2\/comments?post=13523"}],"version-history":[{"count":1,"href":"https:\/\/radiostudiow.com.br\/site\/wp-json\/wp\/v2\/posts\/13523\/revisions"}],"predecessor-version":[{"id":13525,"href":"https:\/\/radiostudiow.com.br\/site\/wp-json\/wp\/v2\/posts\/13523\/revisions\/13525"}],"wp:featuredmedia":[{"embeddable":true,"href":"https:\/\/radiostudiow.com.br\/site\/wp-json\/wp\/v2\/media\/13524"}],"wp:attachment":[{"href":"https:\/\/radiostudiow.com.br\/site\/wp-json\/wp\/v2\/media?parent=13523"}],"wp:term":[{"taxonomy":"category","embeddable":true,"href":"https:\/\/radiostudiow.com.br\/site\/wp-json\/wp\/v2\/categories?post=13523"},{"taxonomy":"post_tag","embeddable":true,"href":"https:\/\/radiostudiow.com.br\/site\/wp-json\/wp\/v2\/tags?post=13523"}],"curies":[{"name":"wp","href":"https:\/\/api.w.org\/{rel}","templated":true}]}}