{"id":13542,"date":"2023-06-28T20:11:07","date_gmt":"2023-06-28T23:11:07","guid":{"rendered":"https:\/\/radiostudiow.com.br\/site\/?p=13542"},"modified":"2025-01-31T15:06:43","modified_gmt":"2025-01-31T18:06:43","slug":"segundo-encontro-de-gestantes-e-realizado-no-distrito-de-rio-claro-do-sul","status":"publish","type":"post","link":"https:\/\/radiostudiow.com.br\/site\/2023\/06\/28\/segundo-encontro-de-gestantes-e-realizado-no-distrito-de-rio-claro-do-sul\/","title":{"rendered":"SEGUNDO ENCONTRO DE GESTANTES \u00c9 REALIZADO NO DISTRITO DE RIO CLARO DO SUL"},"content":{"rendered":"\n<p><strong><em>No dia 19 de junho de 2023, a equipe de sa\u00fade de Rio Claro do Sul organizou o segundo encontro de gestantes, em parceria com a Nutricionista \u00c9rica, abordando o tema \u201cAlimenta\u00e7\u00e3o e H\u00e1bitos saud\u00e1veis \u200b\u200bna gesta\u00e7\u00e3o e Introdu\u00e7\u00e3o Alimentar no Lactente\u201d.<\/em><\/strong><\/p>\n\n\n\n<p>Durante a gravidez, ocorrem mudan\u00e7as fisiol\u00f3gicas que s\u00e3o respons\u00e1veis \u200b\u200bpor altera\u00e7\u00f5es no corpo da mulher, como o aumento ou a perda de peso, bem como o decorrentes de condi\u00e7\u00f5es como hipertens\u00e3o e diabetes gestacional, que podem estar relacionadas aos h\u00e1bitos alimentares. Para adotar medidas preventivas nesse sentido, foi organizado um encontro entre as gestantes da regi\u00e3o, proporcionando a elas uma atividade educativa junto com a nutricionista \u00c9rica.<\/p>\n\n\n\n<figure class=\"wp-block-image size-large\"><img decoding=\"async\" src=\"https:\/\/radiostudiow.com.br\/site\/wp-content\/uploads\/2023\/05\/image-8-1024x392.png\" alt=\"\" class=\"wp-image-12937\"\/><\/figure>\n\n\n\n<figure class=\"wp-block-image size-large\"><img loading=\"lazy\" decoding=\"async\" width=\"770\" height=\"1024\" src=\"https:\/\/radiostudiow.com.br\/site\/wp-content\/uploads\/2023\/06\/0ac73363-fdb3-4d65-9b40-4fe261590ab9-770x1024.jpg\" alt=\"\" class=\"wp-image-13545\" srcset=\"https:\/\/radiostudiow.com.br\/site\/wp-content\/uploads\/2023\/06\/0ac73363-fdb3-4d65-9b40-4fe261590ab9-770x1024.jpg 770w, https:\/\/radiostudiow.com.br\/site\/wp-content\/uploads\/2023\/06\/0ac73363-fdb3-4d65-9b40-4fe261590ab9-226x300.jpg 226w, https:\/\/radiostudiow.com.br\/site\/wp-content\/uploads\/2023\/06\/0ac73363-fdb3-4d65-9b40-4fe261590ab9-768x1021.jpg 768w, https:\/\/radiostudiow.com.br\/site\/wp-content\/uploads\/2023\/06\/0ac73363-fdb3-4d65-9b40-4fe261590ab9.jpg 963w\" sizes=\"auto, (max-width: 770px) 100vw, 770px\" \/><\/figure>\n\n\n\n<p>Durante o evento, \u00c9rica fez uma explica\u00e7\u00e3o sobre a import\u00e2ncia dos h\u00e1bitos saud\u00e1veis, a realiza\u00e7\u00e3o de atividades f\u00edsicas e introdu\u00e7\u00e3o de alguns alimentos que motivaram para um bom desenvolvimento do feto, al\u00e9m de alertar sobre alimentos que devem ser evitados nessa fase. Essa roda de conversa promoveu uma melhor integra\u00e7\u00e3o entre as gestantes e pu\u00e9rperas, permitindo uma troca de experi\u00eancias.<\/p>\n\n\n\n<p>Ap\u00f3s uma atividade, foi realizada avalia\u00e7\u00e3o antropom\u00e9trica, oferecido um coffe break e feita a distribui\u00e7\u00e3o de brindes.<\/p>\n\n\n\n<figure class=\"wp-block-image size-large\"><img loading=\"lazy\" decoding=\"async\" width=\"1024\" height=\"771\" src=\"https:\/\/radiostudiow.com.br\/site\/wp-content\/uploads\/2023\/06\/991f3378-4545-494f-9324-acf059bdca99-1024x771.jpg\" alt=\"\" class=\"wp-image-13544\" srcset=\"https:\/\/radiostudiow.com.br\/site\/wp-content\/uploads\/2023\/06\/991f3378-4545-494f-9324-acf059bdca99-1024x771.jpg 1024w, https:\/\/radiostudiow.com.br\/site\/wp-content\/uploads\/2023\/06\/991f3378-4545-494f-9324-acf059bdca99-300x226.jpg 300w, https:\/\/radiostudiow.com.br\/site\/wp-content\/uploads\/2023\/06\/991f3378-4545-494f-9324-acf059bdca99-768x578.jpg 768w, https:\/\/radiostudiow.com.br\/site\/wp-content\/uploads\/2023\/06\/991f3378-4545-494f-9324-acf059bdca99.jpg 1080w\" sizes=\"auto, (max-width: 1024px) 100vw, 1024px\" \/><\/figure>\n\n\n\n<figure class=\"wp-block-image size-full\"><img decoding=\"async\" src=\"https:\/\/radiostudiow.com.br\/site\/wp-content\/uploads\/2023\/05\/SITE-MEDIO.png\" alt=\"\" class=\"wp-image-12661\"\/><\/figure>\n","protected":false},"excerpt":{"rendered":"<p>No dia 19 de junho de 2023, a equipe de sa\u00fade de Rio Claro do Sul organizou o segundo encontro de gestantes, em parceria com a Nutricionista \u00c9rica, abordando o tema \u201cAlimenta\u00e7\u00e3o e H\u00e1bitos saud\u00e1veis \u200b\u200bna gesta\u00e7\u00e3o e Introdu\u00e7\u00e3o Alimentar no Lactente\u201d. Durante a gravidez, ocorrem mudan\u00e7as fisiol\u00f3gicas que s\u00e3o respons\u00e1veis \u200b\u200bpor altera\u00e7\u00f5es no corpo [&hellip;]<\/p>\n","protected":false},"author":2,"featured_media":13543,"comment_status":"open","ping_status":"open","sticky":false,"template":"","format":"standard","meta":{"footnotes":""},"categories":[184],"tags":[172],"class_list":["post-13542","post","type-post","status-publish","format-standard","has-post-thumbnail","hentry","category-local","tag-featured"],"amp_enabled":true,"_links":{"self":[{"href":"https:\/\/radiostudiow.com.br\/site\/wp-json\/wp\/v2\/posts\/13542","targetHints":{"allow":["GET"]}}],"collection":[{"href":"https:\/\/radiostudiow.com.br\/site\/wp-json\/wp\/v2\/posts"}],"about":[{"href":"https:\/\/radiostudiow.com.br\/site\/wp-json\/wp\/v2\/types\/post"}],"author":[{"embeddable":true,"href":"https:\/\/radiostudiow.com.br\/site\/wp-json\/wp\/v2\/users\/2"}],"replies":[{"embeddable":true,"href":"https:\/\/radiostudiow.com.br\/site\/wp-json\/wp\/v2\/comments?post=13542"}],"version-history":[{"count":1,"href":"https:\/\/radiostudiow.com.br\/site\/wp-json\/wp\/v2\/posts\/13542\/revisions"}],"predecessor-version":[{"id":13546,"href":"https:\/\/radiostudiow.com.br\/site\/wp-json\/wp\/v2\/posts\/13542\/revisions\/13546"}],"wp:featuredmedia":[{"embeddable":true,"href":"https:\/\/radiostudiow.com.br\/site\/wp-json\/wp\/v2\/media\/13543"}],"wp:attachment":[{"href":"https:\/\/radiostudiow.com.br\/site\/wp-json\/wp\/v2\/media?parent=13542"}],"wp:term":[{"taxonomy":"category","embeddable":true,"href":"https:\/\/radiostudiow.com.br\/site\/wp-json\/wp\/v2\/categories?post=13542"},{"taxonomy":"post_tag","embeddable":true,"href":"https:\/\/radiostudiow.com.br\/site\/wp-json\/wp\/v2\/tags?post=13542"}],"curies":[{"name":"wp","href":"https:\/\/api.w.org\/{rel}","templated":true}]}}