{"id":13577,"date":"2023-07-01T13:10:15","date_gmt":"2023-07-01T16:10:15","guid":{"rendered":"https:\/\/radiostudiow.com.br\/site\/?p=13577"},"modified":"2025-01-31T15:06:42","modified_gmt":"2025-01-31T18:06:42","slug":"colorado-e-bicampeao-do-campeonato-do-interior-de-mallet","status":"publish","type":"post","link":"https:\/\/radiostudiow.com.br\/site\/2023\/07\/01\/colorado-e-bicampeao-do-campeonato-do-interior-de-mallet\/","title":{"rendered":"COLORADO \u00c9 BICAMPE\u00c3O DO CAMPEONATO DO INTERIOR DE MALLET"},"content":{"rendered":"\n<p><strong><em>De forma invicta a equipe da Col\u00f4nia Duas\/Rio Claro do Sul sagrou-se campe\u00e3 em 2023 do campeonato municipal do Interior malletense.<\/em><\/strong><\/p>\n\n\n\n<figure class=\"wp-block-image size-large\"><img decoding=\"async\" src=\"https:\/\/radiostudiow.com.br\/site\/wp-content\/uploads\/2023\/05\/image-8-1024x392.png\" alt=\"\" class=\"wp-image-12937\"\/><\/figure>\n\n\n\n<p>Em um jogo emocionante na \u00faltima quarta-feira dia 28 de junho, chegou a final mais um campeonato municipal de futsal do interior de Mallet.<\/p>\n\n\n\n<p>Em quadra as equipes do Rio Bonito e Colorado se enfrentaram em um grande jogo digno de uma final.<\/p>\n\n\n\n<p>Com a torcida presente, vibraram em cada lance das duas equipes em quadra.<\/p>\n\n\n\n<p>&nbsp;Mas no final a equipe do Colorado levou a melhor e venceu pelo placar de 4 a 1 a equipe do Rio Bonito.<\/p>\n\n\n\n<p>Marcaram pelo Colorado, Anazio Golenia, Luiz Rom\u00e1rio Witchemichen, Dalton Sechuk e Darci Cichocki&nbsp; cada um fez 01 gol.<\/p>\n\n\n\n<p>Descontou para o Rio Bonito, o Claudinei Leal.<\/p>\n\n\n\n<p>O artilheiro da competi\u00e7\u00e3o foi Darci Cichocki do Colorado com 13 gols.<\/p>\n\n\n\n<p>Ao t\u00e9rmino da partida a Secretaria Municipal de Esportes junto com o Prefeito Moacir Alfredo Szinvelski, entregaram a premia\u00e7\u00e3o aos atletas e as equipes vencedoras.<\/p>\n\n\n\n<p><strong><em>Parab\u00e9ns Colorado por mais essa conquista.<\/em><\/strong><\/p>\n\n\n\n<figure class=\"wp-block-image size-full\"><img loading=\"lazy\" decoding=\"async\" width=\"897\" height=\"204\" src=\"https:\/\/radiostudiow.com.br\/site\/wp-content\/uploads\/2023\/06\/image-10.png\" alt=\"\" class=\"wp-image-13307\" srcset=\"https:\/\/radiostudiow.com.br\/site\/wp-content\/uploads\/2023\/06\/image-10.png 897w, https:\/\/radiostudiow.com.br\/site\/wp-content\/uploads\/2023\/06\/image-10-300x68.png 300w, https:\/\/radiostudiow.com.br\/site\/wp-content\/uploads\/2023\/06\/image-10-768x175.png 768w\" sizes=\"auto, (max-width: 897px) 100vw, 897px\" \/><\/figure>\n\n\n\n<figure class=\"wp-block-image size-large is-resized\"><img loading=\"lazy\" decoding=\"async\" src=\"https:\/\/radiostudiow.com.br\/site\/wp-content\/uploads\/2023\/07\/image-1024x768.png\" alt=\"\" class=\"wp-image-13578\" width=\"740\" height=\"555\" srcset=\"https:\/\/radiostudiow.com.br\/site\/wp-content\/uploads\/2023\/07\/image-1024x768.png 1024w, https:\/\/radiostudiow.com.br\/site\/wp-content\/uploads\/2023\/07\/image-300x225.png 300w, https:\/\/radiostudiow.com.br\/site\/wp-content\/uploads\/2023\/07\/image-768x576.png 768w, https:\/\/radiostudiow.com.br\/site\/wp-content\/uploads\/2023\/07\/image-1536x1152.png 1536w, https:\/\/radiostudiow.com.br\/site\/wp-content\/uploads\/2023\/07\/image.png 1600w\" sizes=\"auto, (max-width: 740px) 100vw, 740px\" \/><\/figure>\n\n\n\n<figure class=\"wp-block-image size-large\"><img decoding=\"async\" src=\"https:\/\/radiostudiow.com.br\/site\/wp-content\/uploads\/2023\/07\/image-1-1024x768.png\" alt=\"\" class=\"wp-image-13579\"\/><\/figure>\n\n\n\n<figure class=\"wp-block-image size-large\"><img decoding=\"async\" src=\"https:\/\/radiostudiow.com.br\/site\/wp-content\/uploads\/2023\/06\/76182-nacional-tela-de-tv-de-agencia-1-copa-do-mundo-fifa-de-futebol-feminino-1024x576.jpg\" alt=\"\" class=\"wp-image-13331\"\/><\/figure>\n\n\n\n<figure class=\"wp-block-image size-large\"><img decoding=\"async\" src=\"https:\/\/radiostudiow.com.br\/site\/wp-content\/uploads\/2023\/07\/image-2-1024x754.png\" alt=\"\" class=\"wp-image-13580\"\/><\/figure>\n\n\n\n<figure class=\"wp-block-image size-large is-resized\"><img loading=\"lazy\" decoding=\"async\" src=\"https:\/\/radiostudiow.com.br\/site\/wp-content\/uploads\/2023\/07\/image-3-1024x576.png\" alt=\"\" class=\"wp-image-13581\" width=\"746\" height=\"419\"\/><\/figure>\n\n\n\n<figure class=\"wp-block-image size-large\"><img decoding=\"async\" src=\"https:\/\/radiostudiow.com.br\/site\/wp-content\/uploads\/2023\/07\/image-4-1024x576.png\" alt=\"\" class=\"wp-image-13582\"\/><\/figure>\n\n\n\n<figure class=\"wp-block-image size-large\"><img decoding=\"async\" src=\"https:\/\/radiostudiow.com.br\/site\/wp-content\/uploads\/2023\/07\/image-5-1024x576.png\" alt=\"\" class=\"wp-image-13583\"\/><\/figure>\n\n\n\n<figure class=\"wp-block-image size-large\"><img decoding=\"async\" src=\"https:\/\/radiostudiow.com.br\/site\/wp-content\/uploads\/2023\/07\/image-6-1024x576.png\" alt=\"\" class=\"wp-image-13584\"\/><\/figure>\n\n\n\n<figure class=\"wp-block-image size-large\"><img decoding=\"async\" src=\"https:\/\/radiostudiow.com.br\/site\/wp-content\/uploads\/2023\/07\/image-7-1024x576.png\" alt=\"\" class=\"wp-image-13585\"\/><\/figure>\n\n\n\n<figure class=\"wp-block-image size-large\"><img decoding=\"async\" src=\"https:\/\/radiostudiow.com.br\/site\/wp-content\/uploads\/2023\/07\/image-8-1024x576.png\" alt=\"\" class=\"wp-image-13586\"\/><\/figure>\n","protected":false},"excerpt":{"rendered":"<p>De forma invicta a equipe da Col\u00f4nia Duas\/Rio Claro do Sul sagrou-se campe\u00e3 em 2023 do campeonato municipal do Interior malletense. Em um jogo emocionante na \u00faltima quarta-feira dia 28 de junho, chegou a final mais um campeonato municipal de futsal do interior de Mallet. Em quadra as equipes do Rio Bonito e Colorado se [&hellip;]<\/p>\n","protected":false},"author":2,"featured_media":13578,"comment_status":"open","ping_status":"open","sticky":false,"template":"","format":"standard","meta":{"footnotes":""},"categories":[184],"tags":[172],"class_list":["post-13577","post","type-post","status-publish","format-standard","has-post-thumbnail","hentry","category-local","tag-featured"],"amp_enabled":true,"_links":{"self":[{"href":"https:\/\/radiostudiow.com.br\/site\/wp-json\/wp\/v2\/posts\/13577","targetHints":{"allow":["GET"]}}],"collection":[{"href":"https:\/\/radiostudiow.com.br\/site\/wp-json\/wp\/v2\/posts"}],"about":[{"href":"https:\/\/radiostudiow.com.br\/site\/wp-json\/wp\/v2\/types\/post"}],"author":[{"embeddable":true,"href":"https:\/\/radiostudiow.com.br\/site\/wp-json\/wp\/v2\/users\/2"}],"replies":[{"embeddable":true,"href":"https:\/\/radiostudiow.com.br\/site\/wp-json\/wp\/v2\/comments?post=13577"}],"version-history":[{"count":3,"href":"https:\/\/radiostudiow.com.br\/site\/wp-json\/wp\/v2\/posts\/13577\/revisions"}],"predecessor-version":[{"id":13590,"href":"https:\/\/radiostudiow.com.br\/site\/wp-json\/wp\/v2\/posts\/13577\/revisions\/13590"}],"wp:featuredmedia":[{"embeddable":true,"href":"https:\/\/radiostudiow.com.br\/site\/wp-json\/wp\/v2\/media\/13578"}],"wp:attachment":[{"href":"https:\/\/radiostudiow.com.br\/site\/wp-json\/wp\/v2\/media?parent=13577"}],"wp:term":[{"taxonomy":"category","embeddable":true,"href":"https:\/\/radiostudiow.com.br\/site\/wp-json\/wp\/v2\/categories?post=13577"},{"taxonomy":"post_tag","embeddable":true,"href":"https:\/\/radiostudiow.com.br\/site\/wp-json\/wp\/v2\/tags?post=13577"}],"curies":[{"name":"wp","href":"https:\/\/api.w.org\/{rel}","templated":true}]}}