{"id":13591,"date":"2023-07-03T09:54:29","date_gmt":"2023-07-03T12:54:29","guid":{"rendered":"https:\/\/radiostudiow.com.br\/site\/?p=13591"},"modified":"2025-01-31T15:06:42","modified_gmt":"2025-01-31T18:06:42","slug":"toma-posse-o-novo-conselho-de-administracao-da-sicredi-centro-sul-pr-sc-rj","status":"publish","type":"post","link":"https:\/\/radiostudiow.com.br\/site\/2023\/07\/03\/toma-posse-o-novo-conselho-de-administracao-da-sicredi-centro-sul-pr-sc-rj\/","title":{"rendered":"Toma posse o novo Conselho de Administra\u00e7\u00e3o da Sicredi Centro Sul PR\/SC\/RJ"},"content":{"rendered":"\n<p><em>O novo Conselho de Administra\u00e7\u00e3o da Cooperativa foi eleito atrav\u00e9s do processo Assemblear de 2023<\/em>.<\/p>\n\n\n\n<figure class=\"wp-block-image size-large\"><img decoding=\"async\" src=\"https:\/\/radiostudiow.com.br\/site\/wp-content\/uploads\/2023\/05\/image-8-1024x392.png\" alt=\"\" class=\"wp-image-12937\"\/><\/figure>\n\n\n\n<p>Na manh\u00e3 de segunda-feira (19\/06), durante a reuni\u00e3o ordin\u00e1ria mensal do Conselho de Administra\u00e7\u00e3o da Sicredi Centro Sul PR\/SC\/RJ, o novo Conselho de Administra\u00e7\u00e3o tomou posse para o mandato 2023 a 2027. Eleitos atrav\u00e9s do processo Assemblear de 2023 e com aprova\u00e7\u00e3o e homologa\u00e7\u00e3o dos nomes pelo Banco Central, a cooperativa consolidou a decis\u00e3o dos associados.<\/p>\n\n\n\n<p>Conforme previsto no estatuto da cooperativa, um ter\u00e7o do conselho foi renovado. Os conselheiros de<br>administra\u00e7\u00e3o ser\u00e3o respons\u00e1veis por estabelecer o direcionamento estrat\u00e9gico da Cooperativa, sendo os guardi\u00f5es dos princ\u00edpios, valores, objeto social e do sistema de Governan\u00e7a. Al\u00e9m de supervisionar a gest\u00e3o executiva, orientando os rumos do neg\u00f3cio alinhado com os interesses da Cooperativa e dos associados.<\/p>\n\n\n\n<p>O conselho passa a ser composto por: Santo Cappellari (Presidente), Marcos Luis Conzatti (Vice-Presidente), Aline Mileski Fukuda, Douglas Remi Buchholz, Elton Dalci Goebel, Francisco Marcio Veronez, Jonas Rafael Alflen, Mario Costa, Sergio Fumio Ouchi e Sonia Raifur Kos.<\/p>\n\n\n\n<figure class=\"wp-block-image size-full\"><img loading=\"lazy\" decoding=\"async\" width=\"897\" height=\"204\" src=\"https:\/\/radiostudiow.com.br\/site\/wp-content\/uploads\/2023\/06\/image-10.png\" alt=\"\" class=\"wp-image-13307\" srcset=\"https:\/\/radiostudiow.com.br\/site\/wp-content\/uploads\/2023\/06\/image-10.png 897w, https:\/\/radiostudiow.com.br\/site\/wp-content\/uploads\/2023\/06\/image-10-300x68.png 300w, https:\/\/radiostudiow.com.br\/site\/wp-content\/uploads\/2023\/06\/image-10-768x175.png 768w\" sizes=\"auto, (max-width: 897px) 100vw, 897px\" \/><\/figure>\n\n\n\n<p>O momento tamb\u00e9m foi marcado pelas homenagens aos conselheiros que deixaram o cargo, como forma de reconhecimento aos anos de trabalho. Sendo eles, Natalino Mascarello, Sandro Vinicius Fucilini e Vanderlei Stiegler. O presidente, bem como os diretores presentes, Ataides Luiz Marconato, Geovanna Bonetti Scheidte Helton Cesar Kolecha, al\u00e9m dos demais conselheiros, expressaram sua gratid\u00e3o pela troca de experi\u00eancias do trabalho em conjunto, da viv\u00eancia durante esses anos e pela dedica\u00e7\u00e3o e compromisso de representar os associados na administra\u00e7\u00e3o da Sicredi Centro Sul PR\/SC\/RJ, o que contribuiu para o desenvolvimento e sucesso da cooperativa.<\/p>\n\n\n\n<h2 class=\"wp-block-heading\">Representatividade<\/h2>\n\n\n\n<p>Destaca-se que, pela primeira vez, o conselho conta com a presen\u00e7a de duas mulheres. Sonia Raifur Kos, que faz parte do conselho desde 2019, e Aline Mileski Fokuda, ambas contribuir\u00e3o para o desenvolvimento da cooperativa, refor\u00e7ando o objetivo da Sicredi Centro Sul PR\/SC\/RJ de promover a equidade de g\u00eanero, o protagonismo e a lideran\u00e7a feminina, tanto na cooperativa quanto na sociedade.<\/p>\n\n\n\n<p><em>Sobre o Sicredi<br>O Sicredi \u00e9 uma institui\u00e7\u00e3o financeira cooperativa comprometida com o crescimento de seus associados e com o desenvolvimento das regi\u00f5es onde atua. Possui um modelo de gest\u00e3o que valoriza a participa\u00e7\u00e3o dos mais de 6,5 milh\u00f5es de associados, que exercem o papel de donos do neg\u00f3cio. Com mais de 2,5 mil ag\u00eancias, o Sicredi est\u00e1 presente fisicamente em todos os estados brasileiros e no Distrito Federal, disponibilizando uma gama completa de solu\u00e7\u00f5es financeiras e n\u00e3o financeiras.<\/em><\/p>\n","protected":false},"excerpt":{"rendered":"<p>O novo Conselho de Administra\u00e7\u00e3o da Cooperativa foi eleito atrav\u00e9s do processo Assemblear de 2023. Na manh\u00e3 de segunda-feira (19\/06), durante a reuni\u00e3o ordin\u00e1ria mensal do Conselho de Administra\u00e7\u00e3o da Sicredi Centro Sul PR\/SC\/RJ, o novo Conselho de Administra\u00e7\u00e3o tomou posse para o mandato 2023 a 2027. Eleitos atrav\u00e9s do processo Assemblear de 2023 e [&hellip;]<\/p>\n","protected":false},"author":2,"featured_media":13592,"comment_status":"open","ping_status":"open","sticky":false,"template":"","format":"standard","meta":{"footnotes":""},"categories":[7],"tags":[172],"class_list":["post-13591","post","type-post","status-publish","format-standard","has-post-thumbnail","hentry","category-geral","tag-featured"],"amp_enabled":true,"_links":{"self":[{"href":"https:\/\/radiostudiow.com.br\/site\/wp-json\/wp\/v2\/posts\/13591","targetHints":{"allow":["GET"]}}],"collection":[{"href":"https:\/\/radiostudiow.com.br\/site\/wp-json\/wp\/v2\/posts"}],"about":[{"href":"https:\/\/radiostudiow.com.br\/site\/wp-json\/wp\/v2\/types\/post"}],"author":[{"embeddable":true,"href":"https:\/\/radiostudiow.com.br\/site\/wp-json\/wp\/v2\/users\/2"}],"replies":[{"embeddable":true,"href":"https:\/\/radiostudiow.com.br\/site\/wp-json\/wp\/v2\/comments?post=13591"}],"version-history":[{"count":1,"href":"https:\/\/radiostudiow.com.br\/site\/wp-json\/wp\/v2\/posts\/13591\/revisions"}],"predecessor-version":[{"id":13593,"href":"https:\/\/radiostudiow.com.br\/site\/wp-json\/wp\/v2\/posts\/13591\/revisions\/13593"}],"wp:featuredmedia":[{"embeddable":true,"href":"https:\/\/radiostudiow.com.br\/site\/wp-json\/wp\/v2\/media\/13592"}],"wp:attachment":[{"href":"https:\/\/radiostudiow.com.br\/site\/wp-json\/wp\/v2\/media?parent=13591"}],"wp:term":[{"taxonomy":"category","embeddable":true,"href":"https:\/\/radiostudiow.com.br\/site\/wp-json\/wp\/v2\/categories?post=13591"},{"taxonomy":"post_tag","embeddable":true,"href":"https:\/\/radiostudiow.com.br\/site\/wp-json\/wp\/v2\/tags?post=13591"}],"curies":[{"name":"wp","href":"https:\/\/api.w.org\/{rel}","templated":true}]}}