{"id":13672,"date":"2023-07-08T11:21:08","date_gmt":"2023-07-08T14:21:08","guid":{"rendered":"https:\/\/radiostudiow.com.br\/site\/?p=13672"},"modified":"2025-01-31T15:06:42","modified_gmt":"2025-01-31T18:06:42","slug":"homem-com-mandado-de-prisao-pendente-e-preso-no-municipio-de-cruz-machado","status":"publish","type":"post","link":"https:\/\/radiostudiow.com.br\/site\/2023\/07\/08\/homem-com-mandado-de-prisao-pendente-e-preso-no-municipio-de-cruz-machado\/","title":{"rendered":"Homem com mandado de pris\u00e3o pendente \u00e9 preso no munic\u00edpio de Cruz Machado"},"content":{"rendered":"<div class=\"wp-block-image\">\n<figure class=\"aligncenter size-full\"><img decoding=\"async\" src=\"https:\/\/radiostudiow.com.br\/site\/wp-content\/uploads\/2022\/06\/vem_ai.jpg\" alt=\"\" class=\"wp-image-7789\"\/><\/figure>\n<\/div>\n\n\n<p>Na tarde do dia 06 de julho, durante um patrulhamento de rotina no Bairro S\u00e3o Jos\u00e9, localizado no munic\u00edpio de Cruz Machado, uma equipe policial avistou um indiv\u00edduo masculino que, ao perceber a presen\u00e7a da viatura, apresentou sinais de nervosismo e come\u00e7ou a correr na dire\u00e7\u00e3o contr\u00e1ria. Tal comportamento levantou suspeitas por parte da equipe, que decidiu abord\u00e1-lo.<\/p>\n\n\n<div class=\"wp-block-image\">\n<figure class=\"aligncenter size-full\"><img loading=\"lazy\" decoding=\"async\" width=\"897\" height=\"204\" src=\"https:\/\/radiostudiow.com.br\/site\/wp-content\/uploads\/2023\/06\/image-10.png\" alt=\"\" class=\"wp-image-13307\" srcset=\"https:\/\/radiostudiow.com.br\/site\/wp-content\/uploads\/2023\/06\/image-10.png 897w, https:\/\/radiostudiow.com.br\/site\/wp-content\/uploads\/2023\/06\/image-10-300x68.png 300w, https:\/\/radiostudiow.com.br\/site\/wp-content\/uploads\/2023\/06\/image-10-768x175.png 768w\" sizes=\"auto, (max-width: 897px) 100vw, 897px\" \/><\/figure>\n<\/div>\n\n\n<p>Ao dar voz de abordagem, a equipe realizou uma busca pessoal no suspeito. No entanto, nada il\u00edcito foi encontrado durante a revista. Contudo, ao efetuar uma consulta no sistema da Secretaria Estadual de Seguran\u00e7a P\u00fablica (SESP), foi constatado que o indiv\u00edduo possu\u00eda um mandado de pris\u00e3o em seu desfavor.<\/p>\n\n\n\n<p>Diante dessa descoberta, a equipe policial deu voz de pris\u00e3o ao suspeito e o informou sobre seus direitos constitucionais, incluindo o direito de permanecer em sil\u00eancio. Posteriormente, o suspeito foi conduzido ao Departamento Penitenci\u00e1rio (DEPEN) de Uni\u00e3o da Vit\u00f3ria.<\/p>\n\n\n<div class=\"wp-block-image\">\n<figure class=\"aligncenter size-full\"><img decoding=\"async\" src=\"https:\/\/radiostudiow.com.br\/site\/wp-content\/uploads\/2022\/07\/WRNET.jpg\" alt=\"\" class=\"wp-image-8313\"\/><\/figure>\n<\/div>","protected":false},"excerpt":{"rendered":"<p>Na tarde do dia 06 de julho, durante um patrulhamento de rotina no Bairro S\u00e3o Jos\u00e9, localizado no munic\u00edpio de Cruz Machado, uma equipe policial avistou um indiv\u00edduo masculino que, ao perceber a presen\u00e7a da viatura, apresentou sinais de nervosismo e come\u00e7ou a correr na dire\u00e7\u00e3o contr\u00e1ria. Tal comportamento levantou suspeitas por parte da equipe, [&hellip;]<\/p>\n","protected":false},"author":2,"featured_media":13673,"comment_status":"open","ping_status":"open","sticky":false,"template":"","format":"standard","meta":{"footnotes":""},"categories":[2,185],"tags":[172],"class_list":["post-13672","post","type-post","status-publish","format-standard","has-post-thumbnail","hentry","category-policial","category-regional","tag-featured"],"amp_enabled":true,"_links":{"self":[{"href":"https:\/\/radiostudiow.com.br\/site\/wp-json\/wp\/v2\/posts\/13672","targetHints":{"allow":["GET"]}}],"collection":[{"href":"https:\/\/radiostudiow.com.br\/site\/wp-json\/wp\/v2\/posts"}],"about":[{"href":"https:\/\/radiostudiow.com.br\/site\/wp-json\/wp\/v2\/types\/post"}],"author":[{"embeddable":true,"href":"https:\/\/radiostudiow.com.br\/site\/wp-json\/wp\/v2\/users\/2"}],"replies":[{"embeddable":true,"href":"https:\/\/radiostudiow.com.br\/site\/wp-json\/wp\/v2\/comments?post=13672"}],"version-history":[{"count":3,"href":"https:\/\/radiostudiow.com.br\/site\/wp-json\/wp\/v2\/posts\/13672\/revisions"}],"predecessor-version":[{"id":13681,"href":"https:\/\/radiostudiow.com.br\/site\/wp-json\/wp\/v2\/posts\/13672\/revisions\/13681"}],"wp:featuredmedia":[{"embeddable":true,"href":"https:\/\/radiostudiow.com.br\/site\/wp-json\/wp\/v2\/media\/13673"}],"wp:attachment":[{"href":"https:\/\/radiostudiow.com.br\/site\/wp-json\/wp\/v2\/media?parent=13672"}],"wp:term":[{"taxonomy":"category","embeddable":true,"href":"https:\/\/radiostudiow.com.br\/site\/wp-json\/wp\/v2\/categories?post=13672"},{"taxonomy":"post_tag","embeddable":true,"href":"https:\/\/radiostudiow.com.br\/site\/wp-json\/wp\/v2\/tags?post=13672"}],"curies":[{"name":"wp","href":"https:\/\/api.w.org\/{rel}","templated":true}]}}