{"id":13675,"date":"2023-07-08T11:25:39","date_gmt":"2023-07-08T14:25:39","guid":{"rendered":"https:\/\/radiostudiow.com.br\/site\/?p=13675"},"modified":"2025-01-31T15:06:42","modified_gmt":"2025-01-31T18:06:42","slug":"mulher-e-vitima-de-violencia-domestica-apos-discussao-em-uniao-da-vitoria","status":"publish","type":"post","link":"https:\/\/radiostudiow.com.br\/site\/2023\/07\/08\/mulher-e-vitima-de-violencia-domestica-apos-discussao-em-uniao-da-vitoria\/","title":{"rendered":"Mulher \u00e9 v\u00edtima de viol\u00eancia dom\u00e9stica ap\u00f3s discuss\u00e3o em Uni\u00e3o da Vit\u00f3ria"},"content":{"rendered":"<div class=\"wp-block-image\">\n<figure class=\"aligncenter size-full\"><img decoding=\"async\" src=\"https:\/\/radiostudiow.com.br\/site\/wp-content\/uploads\/2022\/03\/SICREDI.jpg\" alt=\"\" class=\"wp-image-6409\"\/><\/figure>\n<\/div>\n\n\n<p>Na manh\u00e3 da quinta-feira, a equipe policial da 4\u00aa Subdivis\u00e3o foi acionada atrav\u00e9s do COPOM para investigar uma ocorr\u00eancia de viol\u00eancia dom\u00e9stica. Segundo informa\u00e7\u00f5es repassadas, uma mulher teria procurado o plant\u00e3o policial para relatar que havia sido agredida pelo seu convivente ap\u00f3s uma discuss\u00e3o acalorada. A v\u00edtima informou que o agressor ainda se encontrava na resid\u00eancia do casal, localizada no endere\u00e7o fornecido.<\/p>\n\n\n\n<p>Ao chegarem \u00e0 delegacia, a equipe deparou-se com a v\u00edtima, que apresentava uma les\u00e3o na cabe\u00e7a causada pelo seu convivente. Segundo o relato da mulher, o agressor desferiu um golpe com um peda\u00e7o de madeira, resultando na les\u00e3o mencionada. Diante da gravidade dos fatos, a equipe prontamente acompanhou a v\u00edtima at\u00e9 a Unidade de Pronto Atendimento (UPA) localizada no centro da cidade, para que pudesse receber atendimento m\u00e9dico.<\/p>\n\n\n\n<p>Enquanto isso, com base nas informa\u00e7\u00f5es fornecidas pela v\u00edtima, a equipe policial deslocou-se at\u00e9 o bairro Jardim Muzzolon, onde obteve \u00eaxito em localizar o autor das agress\u00f5es. O agressor tamb\u00e9m apresentava uma les\u00e3o na regi\u00e3o da cabe\u00e7a, o que levou os policiais a encaminh\u00e1-lo \u00e0 mesma unidade de atendimento m\u00e9dico para que recebesse o devido cuidado.<\/p>\n\n\n<div class=\"wp-block-image\">\n<figure class=\"aligncenter size-full\"><img loading=\"lazy\" decoding=\"async\" width=\"897\" height=\"204\" src=\"https:\/\/radiostudiow.com.br\/site\/wp-content\/uploads\/2023\/06\/image-10.png\" alt=\"\" class=\"wp-image-13307\" srcset=\"https:\/\/radiostudiow.com.br\/site\/wp-content\/uploads\/2023\/06\/image-10.png 897w, https:\/\/radiostudiow.com.br\/site\/wp-content\/uploads\/2023\/06\/image-10-300x68.png 300w, https:\/\/radiostudiow.com.br\/site\/wp-content\/uploads\/2023\/06\/image-10-768x175.png 768w\" sizes=\"auto, (max-width: 897px) 100vw, 897px\" \/><\/figure>\n<\/div>\n\n\n<p>Na UPA, a v\u00edtima relatou que, ap\u00f3s uma discuss\u00e3o ocorrida na noite anterior (05\/07\/2023), decidiu passar a noite fora de casa. Ao retornar pela manh\u00e3 do dia seguinte (06\/07\/2023), iniciou-se uma nova discuss\u00e3o com o agressor, que resultou nas agress\u00f5es com o peda\u00e7o de madeira desferidas contra sua cabe\u00e7a. Durante a luta corporal que se seguiu, a v\u00edtima conseguiu tomar posse do objeto utilizado pelo agressor, desferindo tamb\u00e9m um golpe em sua cabe\u00e7a. Nesse momento, ela conseguiu se desvencilhar e fugir para a rua, buscando ajuda na delegacia mais pr\u00f3xima para relatar o ocorrido.<\/p>\n\n\n\n<p>Em depoimento, o agressor afirmou que, ap\u00f3s a chegada da mulher \u00e0 resid\u00eancia na manh\u00e3 do mesmo dia, uma nova discuss\u00e3o teve in\u00edcio. Ele alega que a v\u00edtima partiu para cima dele, o que o levou a utilizar o peda\u00e7o de madeira como forma de defesa, uma vez que ela \u00e9 mais forte e mais nova. Durante a luta corporal, tamb\u00e9m foi agredido na cabe\u00e7a.&nbsp;<\/p>\n\n\n\n<p>Diante dos fatos apresentados, ap\u00f3s o atendimento m\u00e9dico e a alta hospitalar, o agressor foi conduzido \u00e0 4\u00aa Subdivis\u00e3o Policial para os procedimentos cab\u00edveis.<\/p>\n\n\n\n<figure class=\"wp-block-image size-full\"><img decoding=\"async\" src=\"https:\/\/radiostudiow.com.br\/site\/wp-content\/uploads\/2022\/12\/800-2.gif\" alt=\"\" class=\"wp-image-10343\"\/><\/figure>\n","protected":false},"excerpt":{"rendered":"<p>Na manh\u00e3 da quinta-feira, a equipe policial da 4\u00aa Subdivis\u00e3o foi acionada atrav\u00e9s do COPOM para investigar uma ocorr\u00eancia de viol\u00eancia dom\u00e9stica. Segundo informa\u00e7\u00f5es repassadas, uma mulher teria procurado o plant\u00e3o policial para relatar que havia sido agredida pelo seu convivente ap\u00f3s uma discuss\u00e3o acalorada. A v\u00edtima informou que o agressor ainda se encontrava na [&hellip;]<\/p>\n","protected":false},"author":2,"featured_media":13676,"comment_status":"open","ping_status":"open","sticky":false,"template":"","format":"standard","meta":{"footnotes":""},"categories":[2,185],"tags":[172],"class_list":["post-13675","post","type-post","status-publish","format-standard","has-post-thumbnail","hentry","category-policial","category-regional","tag-featured"],"amp_enabled":true,"_links":{"self":[{"href":"https:\/\/radiostudiow.com.br\/site\/wp-json\/wp\/v2\/posts\/13675","targetHints":{"allow":["GET"]}}],"collection":[{"href":"https:\/\/radiostudiow.com.br\/site\/wp-json\/wp\/v2\/posts"}],"about":[{"href":"https:\/\/radiostudiow.com.br\/site\/wp-json\/wp\/v2\/types\/post"}],"author":[{"embeddable":true,"href":"https:\/\/radiostudiow.com.br\/site\/wp-json\/wp\/v2\/users\/2"}],"replies":[{"embeddable":true,"href":"https:\/\/radiostudiow.com.br\/site\/wp-json\/wp\/v2\/comments?post=13675"}],"version-history":[{"count":2,"href":"https:\/\/radiostudiow.com.br\/site\/wp-json\/wp\/v2\/posts\/13675\/revisions"}],"predecessor-version":[{"id":13682,"href":"https:\/\/radiostudiow.com.br\/site\/wp-json\/wp\/v2\/posts\/13675\/revisions\/13682"}],"wp:featuredmedia":[{"embeddable":true,"href":"https:\/\/radiostudiow.com.br\/site\/wp-json\/wp\/v2\/media\/13676"}],"wp:attachment":[{"href":"https:\/\/radiostudiow.com.br\/site\/wp-json\/wp\/v2\/media?parent=13675"}],"wp:term":[{"taxonomy":"category","embeddable":true,"href":"https:\/\/radiostudiow.com.br\/site\/wp-json\/wp\/v2\/categories?post=13675"},{"taxonomy":"post_tag","embeddable":true,"href":"https:\/\/radiostudiow.com.br\/site\/wp-json\/wp\/v2\/tags?post=13675"}],"curies":[{"name":"wp","href":"https:\/\/api.w.org\/{rel}","templated":true}]}}