{"id":13683,"date":"2023-07-08T14:12:16","date_gmt":"2023-07-08T17:12:16","guid":{"rendered":"https:\/\/radiostudiow.com.br\/site\/?p=13683"},"modified":"2025-01-31T15:06:42","modified_gmt":"2025-01-31T18:06:42","slug":"w-noticias-delegada-da-10a-drp-dra-natalia-pereira-nichel-fala-sobre-as-reformas-e-o-atendimento-na-delegacia","status":"publish","type":"post","link":"https:\/\/radiostudiow.com.br\/site\/2023\/07\/08\/w-noticias-delegada-da-10a-drp-dra-natalia-pereira-nichel-fala-sobre-as-reformas-e-o-atendimento-na-delegacia\/","title":{"rendered":"W Not\u00edcias &#8211; Delegada da 10\u00aa DRP, Dra. Nat\u00e1lia Pereira Nichel fala sobre as reformas e o atendimento na delegacia"},"content":{"rendered":"\n<p>Assista e acompanhe as informa\u00e7\u00f5es de primeira m\u00e3o no Jornal W Not\u00edcias, o notici\u00e1rio de Mallet e regi\u00e3o &#8211; De Segunda a Sexta, a partir das 20:00 horas &#8211; Apresenta\u00e7\u00e3o Valdir Wladyka<\/p>\n\n\n\n<figure class=\"wp-block-embed is-type-video is-provider-youtube wp-block-embed-youtube wp-embed-aspect-16-9 wp-has-aspect-ratio\"><div class=\"wp-block-embed__wrapper\">\n<iframe loading=\"lazy\" title=\"Delegada da 10\u00aa DRP, Dra. Nat\u00e1lia Pereira Nichel fala sobre as reformas e o atendimento na delegacia\" width=\"740\" height=\"416\" src=\"https:\/\/www.youtube.com\/embed\/iZwh-8V5l_c?feature=oembed\" frameborder=\"0\" allow=\"accelerometer; autoplay; clipboard-write; encrypted-media; gyroscope; picture-in-picture; web-share\" allowfullscreen><\/iframe>\n<\/div><\/figure>\n\n\n\n<figure class=\"wp-block-image size-full\"><img loading=\"lazy\" decoding=\"async\" width=\"897\" height=\"204\" src=\"https:\/\/radiostudiow.com.br\/site\/wp-content\/uploads\/2023\/06\/image-10.png\" alt=\"\" class=\"wp-image-13307\" srcset=\"https:\/\/radiostudiow.com.br\/site\/wp-content\/uploads\/2023\/06\/image-10.png 897w, https:\/\/radiostudiow.com.br\/site\/wp-content\/uploads\/2023\/06\/image-10-300x68.png 300w, https:\/\/radiostudiow.com.br\/site\/wp-content\/uploads\/2023\/06\/image-10-768x175.png 768w\" sizes=\"auto, (max-width: 897px) 100vw, 897px\" \/><\/figure>\n","protected":false},"excerpt":{"rendered":"<p>Assista e acompanhe as informa\u00e7\u00f5es de primeira m\u00e3o no Jornal W Not\u00edcias, o notici\u00e1rio de Mallet e regi\u00e3o &#8211; De Segunda a Sexta, a partir das 20:00 horas &#8211; Apresenta\u00e7\u00e3o Valdir Wladyka<\/p>\n","protected":false},"author":2,"featured_media":13684,"comment_status":"open","ping_status":"open","sticky":false,"template":"","format":"standard","meta":{"footnotes":""},"categories":[7,184],"tags":[172],"class_list":["post-13683","post","type-post","status-publish","format-standard","has-post-thumbnail","hentry","category-geral","category-local","tag-featured"],"amp_enabled":true,"_links":{"self":[{"href":"https:\/\/radiostudiow.com.br\/site\/wp-json\/wp\/v2\/posts\/13683","targetHints":{"allow":["GET"]}}],"collection":[{"href":"https:\/\/radiostudiow.com.br\/site\/wp-json\/wp\/v2\/posts"}],"about":[{"href":"https:\/\/radiostudiow.com.br\/site\/wp-json\/wp\/v2\/types\/post"}],"author":[{"embeddable":true,"href":"https:\/\/radiostudiow.com.br\/site\/wp-json\/wp\/v2\/users\/2"}],"replies":[{"embeddable":true,"href":"https:\/\/radiostudiow.com.br\/site\/wp-json\/wp\/v2\/comments?post=13683"}],"version-history":[{"count":1,"href":"https:\/\/radiostudiow.com.br\/site\/wp-json\/wp\/v2\/posts\/13683\/revisions"}],"predecessor-version":[{"id":13685,"href":"https:\/\/radiostudiow.com.br\/site\/wp-json\/wp\/v2\/posts\/13683\/revisions\/13685"}],"wp:featuredmedia":[{"embeddable":true,"href":"https:\/\/radiostudiow.com.br\/site\/wp-json\/wp\/v2\/media\/13684"}],"wp:attachment":[{"href":"https:\/\/radiostudiow.com.br\/site\/wp-json\/wp\/v2\/media?parent=13683"}],"wp:term":[{"taxonomy":"category","embeddable":true,"href":"https:\/\/radiostudiow.com.br\/site\/wp-json\/wp\/v2\/categories?post=13683"},{"taxonomy":"post_tag","embeddable":true,"href":"https:\/\/radiostudiow.com.br\/site\/wp-json\/wp\/v2\/tags?post=13683"}],"curies":[{"name":"wp","href":"https:\/\/api.w.org\/{rel}","templated":true}]}}