{"id":13693,"date":"2023-07-10T12:05:28","date_gmt":"2023-07-10T15:05:28","guid":{"rendered":"https:\/\/radiostudiow.com.br\/site\/?p=13693"},"modified":"2025-01-31T15:06:42","modified_gmt":"2025-01-31T18:06:42","slug":"briga-em-festa-resulta-em-lesao-corporal-na-cidade-de-cruz-machado","status":"publish","type":"post","link":"https:\/\/radiostudiow.com.br\/site\/2023\/07\/10\/briga-em-festa-resulta-em-lesao-corporal-na-cidade-de-cruz-machado\/","title":{"rendered":"Briga em festa resulta em les\u00e3o corporal na cidade de Cruz Machado"},"content":{"rendered":"<div class=\"wp-block-image\">\n<figure class=\"aligncenter size-full\"><img decoding=\"async\" src=\"https:\/\/radiostudiow.com.br\/site\/wp-content\/uploads\/2022\/06\/NUTRI-MALLET.jpg\" alt=\"\" class=\"wp-image-7772\"\/><\/figure>\n<\/div>\n\n\n<p><\/p>\n\n\n\n<p>Na noite de ontem, a pol\u00edcia foi acionada via COPOM para averiguar uma ocorr\u00eancia de les\u00e3o corporal por arma branca. A equipe deslocou-se at\u00e9 o Hospital Municipal de Cruz Machado, onde encontrou a v\u00edtima, que relatou os seguintes acontecimentos: durante uma festa na comunidade da Linha Pinh\u00e3o de Baixo, houve uma briga entre seu sobrinho e um terceiro indiv\u00edduo, que resultou em um suposto disparo de arma de fogo efetuado por um homem residente na Linha Lageado Liso.<\/p>\n\n\n\n<p>A v\u00edtima tamb\u00e9m informou que, ao tentar socorrer seu sobrinho, foi agredida por sua irm\u00e3 com golpes de fac\u00e3o, sendo atingida na regi\u00e3o da cabe\u00e7a e da m\u00e3o. Segundo a v\u00edtima, sua irm\u00e3 o agrediu porque pensou que ele estivesse tamb\u00e9m agredindo seu sobrinho. No entanto, a v\u00edtima esclareceu que se tratava de um equ\u00edvoco por parte de sua irm\u00e3 e n\u00e3o manifestou desejo de representar criminalmente contra ela.<\/p>\n\n\n\n<p>Quando questionado sobre o paradeiro do sobrinho, a v\u00edtima relatou que tamb\u00e9m tentou traz\u00ea-lo ao hospital para receber atendimento m\u00e9dico, mas que ele estava muito transtornado, agressivo e recusou-se a acompanh\u00e1-lo. As partes envolvidas foram orientadas sobre os procedimentos cab\u00edveis diante da situa\u00e7\u00e3o.<\/p>\n\n\n\n<p><\/p>\n\n\n<div class=\"wp-block-image\">\n<figure class=\"aligncenter size-full\"><img decoding=\"async\" src=\"https:\/\/radiostudiow.com.br\/site\/wp-content\/uploads\/2022\/07\/WRNET.jpg\" alt=\"\" class=\"wp-image-8313\"\/><\/figure>\n<\/div>","protected":false},"excerpt":{"rendered":"<p>Na noite de ontem, a pol\u00edcia foi acionada via COPOM para averiguar uma ocorr\u00eancia de les\u00e3o corporal por arma branca. A equipe deslocou-se at\u00e9 o Hospital Municipal de Cruz Machado, onde encontrou a v\u00edtima, que relatou os seguintes acontecimentos: durante uma festa na comunidade da Linha Pinh\u00e3o de Baixo, houve uma briga entre seu sobrinho [&hellip;]<\/p>\n","protected":false},"author":2,"featured_media":0,"comment_status":"open","ping_status":"open","sticky":false,"template":"","format":"standard","meta":{"footnotes":""},"categories":[2,185],"tags":[172],"class_list":["post-13693","post","type-post","status-publish","format-standard","hentry","category-policial","category-regional","tag-featured"],"amp_enabled":true,"_links":{"self":[{"href":"https:\/\/radiostudiow.com.br\/site\/wp-json\/wp\/v2\/posts\/13693","targetHints":{"allow":["GET"]}}],"collection":[{"href":"https:\/\/radiostudiow.com.br\/site\/wp-json\/wp\/v2\/posts"}],"about":[{"href":"https:\/\/radiostudiow.com.br\/site\/wp-json\/wp\/v2\/types\/post"}],"author":[{"embeddable":true,"href":"https:\/\/radiostudiow.com.br\/site\/wp-json\/wp\/v2\/users\/2"}],"replies":[{"embeddable":true,"href":"https:\/\/radiostudiow.com.br\/site\/wp-json\/wp\/v2\/comments?post=13693"}],"version-history":[{"count":1,"href":"https:\/\/radiostudiow.com.br\/site\/wp-json\/wp\/v2\/posts\/13693\/revisions"}],"predecessor-version":[{"id":13694,"href":"https:\/\/radiostudiow.com.br\/site\/wp-json\/wp\/v2\/posts\/13693\/revisions\/13694"}],"wp:attachment":[{"href":"https:\/\/radiostudiow.com.br\/site\/wp-json\/wp\/v2\/media?parent=13693"}],"wp:term":[{"taxonomy":"category","embeddable":true,"href":"https:\/\/radiostudiow.com.br\/site\/wp-json\/wp\/v2\/categories?post=13693"},{"taxonomy":"post_tag","embeddable":true,"href":"https:\/\/radiostudiow.com.br\/site\/wp-json\/wp\/v2\/tags?post=13693"}],"curies":[{"name":"wp","href":"https:\/\/api.w.org\/{rel}","templated":true}]}}