{"id":13695,"date":"2023-07-10T14:31:48","date_gmt":"2023-07-10T17:31:48","guid":{"rendered":"https:\/\/radiostudiow.com.br\/site\/?p=13695"},"modified":"2025-01-31T15:06:42","modified_gmt":"2025-01-31T18:06:42","slug":"policia-realiza-apreensao-de-motocicleta-com-placa-adulterada-em-antonio-olinto","status":"publish","type":"post","link":"https:\/\/radiostudiow.com.br\/site\/2023\/07\/10\/policia-realiza-apreensao-de-motocicleta-com-placa-adulterada-em-antonio-olinto\/","title":{"rendered":"Pol\u00edcia realiza apreens\u00e3o de motocicleta com placa adulterada em Ant\u00f4nio Olinto"},"content":{"rendered":"<div class=\"wp-block-image\">\n<figure class=\"aligncenter size-full\"><img decoding=\"async\" src=\"https:\/\/radiostudiow.com.br\/site\/wp-content\/uploads\/2022\/02\/SICREDI.jpg\" alt=\"\" class=\"wp-image-5731\"\/><\/figure>\n<\/div>\n\n\n<p>Na manh\u00e3 deste domingo, durante um patrulhamento rotineiro, a equipe policial de Ant\u00f4nio Olinto avistou dois indiv\u00edduos em uma motocicleta na localidade de \u00c1gua Amarela de Baixo. Ao perceberem a presen\u00e7a da viatura, os suspeitos realizaram uma manobra de meia volta e empreenderam fuga em alta velocidade. Foi necess\u00e1rio realizar uma persegui\u00e7\u00e3o at\u00e9 que os suspeitos fossem alcan\u00e7ados.<\/p>\n\n\n\n<p>Durante a averigua\u00e7\u00e3o da motocicleta, os policiais constataram que o chassi estava raspado e que a placa pertencia a outro ve\u00edculo. Diante dessa adultera\u00e7\u00e3o nos sinais identificadores, os suspeitos foram questionados sobre a proced\u00eancia da motocicleta. O condutor informou que adquiriu o ve\u00edculo de um terceiro, residente em S\u00e3o Mateus do Sul, e que havia buscado a motocicleta \u00e0s margens da BR-476.<\/p>\n\n\n\n<p>Os envolvidos foram conduzidos \u00e0 Delegacia de Pol\u00edcia Civil de S\u00e3o Mateus do Sul, onde ser\u00e3o responsabilizados pelo crime de adultera\u00e7\u00e3o de sinal identificador de ve\u00edculo.\u00a0<\/p>\n\n\n<div class=\"wp-block-image\">\n<figure class=\"aligncenter size-full\"><img decoding=\"async\" src=\"https:\/\/radiostudiow.com.br\/site\/wp-content\/uploads\/2022\/07\/AFUBRE-IRATI.jpg\" alt=\"\" class=\"wp-image-7992\"\/><\/figure>\n<\/div>","protected":false},"excerpt":{"rendered":"<p>Na manh\u00e3 deste domingo, durante um patrulhamento rotineiro, a equipe policial de Ant\u00f4nio Olinto avistou dois indiv\u00edduos em uma motocicleta na localidade de \u00c1gua Amarela de Baixo. Ao perceberem a presen\u00e7a da viatura, os suspeitos realizaram uma manobra de meia volta e empreenderam fuga em alta velocidade. Foi necess\u00e1rio realizar uma persegui\u00e7\u00e3o at\u00e9 que os [&hellip;]<\/p>\n","protected":false},"author":2,"featured_media":0,"comment_status":"open","ping_status":"open","sticky":false,"template":"","format":"standard","meta":{"footnotes":""},"categories":[2,185],"tags":[172],"class_list":["post-13695","post","type-post","status-publish","format-standard","hentry","category-policial","category-regional","tag-featured"],"amp_enabled":true,"_links":{"self":[{"href":"https:\/\/radiostudiow.com.br\/site\/wp-json\/wp\/v2\/posts\/13695","targetHints":{"allow":["GET"]}}],"collection":[{"href":"https:\/\/radiostudiow.com.br\/site\/wp-json\/wp\/v2\/posts"}],"about":[{"href":"https:\/\/radiostudiow.com.br\/site\/wp-json\/wp\/v2\/types\/post"}],"author":[{"embeddable":true,"href":"https:\/\/radiostudiow.com.br\/site\/wp-json\/wp\/v2\/users\/2"}],"replies":[{"embeddable":true,"href":"https:\/\/radiostudiow.com.br\/site\/wp-json\/wp\/v2\/comments?post=13695"}],"version-history":[{"count":2,"href":"https:\/\/radiostudiow.com.br\/site\/wp-json\/wp\/v2\/posts\/13695\/revisions"}],"predecessor-version":[{"id":13699,"href":"https:\/\/radiostudiow.com.br\/site\/wp-json\/wp\/v2\/posts\/13695\/revisions\/13699"}],"wp:attachment":[{"href":"https:\/\/radiostudiow.com.br\/site\/wp-json\/wp\/v2\/media?parent=13695"}],"wp:term":[{"taxonomy":"category","embeddable":true,"href":"https:\/\/radiostudiow.com.br\/site\/wp-json\/wp\/v2\/categories?post=13695"},{"taxonomy":"post_tag","embeddable":true,"href":"https:\/\/radiostudiow.com.br\/site\/wp-json\/wp\/v2\/tags?post=13695"}],"curies":[{"name":"wp","href":"https:\/\/api.w.org\/{rel}","templated":true}]}}