{"id":13700,"date":"2023-07-10T15:26:26","date_gmt":"2023-07-10T18:26:26","guid":{"rendered":"https:\/\/radiostudiow.com.br\/site\/?p=13700"},"modified":"2023-07-11T09:57:37","modified_gmt":"2023-07-11T12:57:37","slug":"pessoa-e-ameacada-com-faca-por-familiar-em-rio-claro-do-sul","status":"publish","type":"post","link":"https:\/\/radiostudiow.com.br\/site\/2023\/07\/10\/pessoa-e-ameacada-com-faca-por-familiar-em-rio-claro-do-sul\/","title":{"rendered":"Pessoa \u00e9 amea\u00e7ada com faca por familiar em Rio Claro do Sul"},"content":{"rendered":"<div class=\"wp-block-image\">\n<figure class=\"aligncenter size-full\"><img decoding=\"async\" src=\"https:\/\/radiostudiow.com.br\/site\/wp-content\/uploads\/2022\/12\/800-2-1.gif\" alt=\"\" class=\"wp-image-10344\"\/><\/figure>\n<\/div>\n\n\n<p>.<\/p>\n\n\n\n<p>Na manh\u00e3 deste \u00faltimo domingo, (09), a pol\u00edcia foi acionada por um indiv\u00edduo que relatou ter sido amea\u00e7ado com uma faca por um membro de sua pr\u00f3pria fam\u00edlia. Diante do relato, a equipe policial se deslocou at\u00e9 a resid\u00eancia do solicitante, localizada no distrito de Rio Claro do Sul.<\/p>\n\n\n\n<p>No local, em contato com outra pessoa presente na resid\u00eancia, foi informado que o agressor havia se alterado e a agredido fisicamente. No momento em que a v\u00edtima pediu ajuda, o solicitante chegou \u00e0 resid\u00eancia e tamb\u00e9m foi amea\u00e7ado com uma faca pelo agressor.<\/p>\n\n\n\n<p>A equipe policial realizou buscas no local, entretanto, n\u00e3o conseguiu localizar o agressor. A v\u00edtima recebeu orienta\u00e7\u00f5es sobre os procedimentos adequados a serem tomados diante dessa situa\u00e7\u00e3o de viol\u00eancia dom\u00e9stica.<\/p>\n\n\n\n<p>.<\/p>\n\n\n<div class=\"wp-block-image\">\n<figure class=\"aligncenter size-full\"><img decoding=\"async\" src=\"https:\/\/radiostudiow.com.br\/site\/wp-content\/uploads\/2023\/05\/SITE-MEDIO.png\" alt=\"\" class=\"wp-image-12661\"\/><\/figure>\n<\/div>","protected":false},"excerpt":{"rendered":"<p>. Na manh\u00e3 deste \u00faltimo domingo, (09), a pol\u00edcia foi acionada por um indiv\u00edduo que relatou ter sido amea\u00e7ado com uma faca por um membro de sua pr\u00f3pria fam\u00edlia. Diante do relato, a equipe policial se deslocou at\u00e9 a resid\u00eancia do solicitante, localizada no distrito de Rio Claro do Sul. No local, em contato com [&hellip;]<\/p>\n","protected":false},"author":2,"featured_media":10718,"comment_status":"open","ping_status":"open","sticky":false,"template":"","format":"standard","meta":{"footnotes":""},"categories":[184,2],"tags":[172],"class_list":["post-13700","post","type-post","status-publish","format-standard","has-post-thumbnail","hentry","category-local","category-policial","tag-featured"],"amp_enabled":true,"_links":{"self":[{"href":"https:\/\/radiostudiow.com.br\/site\/wp-json\/wp\/v2\/posts\/13700","targetHints":{"allow":["GET"]}}],"collection":[{"href":"https:\/\/radiostudiow.com.br\/site\/wp-json\/wp\/v2\/posts"}],"about":[{"href":"https:\/\/radiostudiow.com.br\/site\/wp-json\/wp\/v2\/types\/post"}],"author":[{"embeddable":true,"href":"https:\/\/radiostudiow.com.br\/site\/wp-json\/wp\/v2\/users\/2"}],"replies":[{"embeddable":true,"href":"https:\/\/radiostudiow.com.br\/site\/wp-json\/wp\/v2\/comments?post=13700"}],"version-history":[{"count":1,"href":"https:\/\/radiostudiow.com.br\/site\/wp-json\/wp\/v2\/posts\/13700\/revisions"}],"predecessor-version":[{"id":13701,"href":"https:\/\/radiostudiow.com.br\/site\/wp-json\/wp\/v2\/posts\/13700\/revisions\/13701"}],"wp:featuredmedia":[{"embeddable":true,"href":"https:\/\/radiostudiow.com.br\/site\/wp-json\/wp\/v2\/media\/10718"}],"wp:attachment":[{"href":"https:\/\/radiostudiow.com.br\/site\/wp-json\/wp\/v2\/media?parent=13700"}],"wp:term":[{"taxonomy":"category","embeddable":true,"href":"https:\/\/radiostudiow.com.br\/site\/wp-json\/wp\/v2\/categories?post=13700"},{"taxonomy":"post_tag","embeddable":true,"href":"https:\/\/radiostudiow.com.br\/site\/wp-json\/wp\/v2\/tags?post=13700"}],"curies":[{"name":"wp","href":"https:\/\/api.w.org\/{rel}","templated":true}]}}