{"id":13703,"date":"2023-07-11T13:27:22","date_gmt":"2023-07-11T16:27:22","guid":{"rendered":"https:\/\/radiostudiow.com.br\/site\/?p=13703"},"modified":"2025-01-31T15:06:41","modified_gmt":"2025-01-31T18:06:41","slug":"w-noticias-confira-como-foi-a-procissao-e-bencao-dos-carros-na-festa-do-padroeiro-sao-pedro-em-mallet","status":"publish","type":"post","link":"https:\/\/radiostudiow.com.br\/site\/2023\/07\/11\/w-noticias-confira-como-foi-a-procissao-e-bencao-dos-carros-na-festa-do-padroeiro-sao-pedro-em-mallet\/","title":{"rendered":"W Not\u00edcias &#8211; Confira como foi a prociss\u00e3o e ben\u00e7\u00e3o dos Carros na Festa do Padroeiro S\u00e3o Pedro em Mallet"},"content":{"rendered":"\n<p>Assista e acompanhe as informa\u00e7\u00f5es de primeira m\u00e3o no Jornal W Not\u00edcias, o notici\u00e1rio de Mallet e regi\u00e3o &#8211; De Segunda a Sexta, a partir das 20:00 horas &#8211; Apresenta\u00e7\u00e3o Valdir Wladyka<\/p>\n\n\n\n<figure class=\"wp-block-embed aligncenter is-type-video is-provider-youtube wp-block-embed-youtube wp-embed-aspect-16-9 wp-has-aspect-ratio\"><div class=\"wp-block-embed__wrapper\">\n<iframe loading=\"lazy\" title=\"W Not\u00edcias - Confira como foi a prociss\u00e3o e ben\u00e7\u00e3o dos Carros na Festa do Padroeiro S\u00e3o Pedro\" width=\"740\" height=\"416\" src=\"https:\/\/www.youtube.com\/embed\/5ABewPV08EU?feature=oembed\" frameborder=\"0\" allow=\"accelerometer; autoplay; clipboard-write; encrypted-media; gyroscope; picture-in-picture; web-share\" allowfullscreen><\/iframe>\n<\/div><\/figure>\n\n\n<div class=\"wp-block-image\">\n<figure class=\"aligncenter size-full\"><img loading=\"lazy\" decoding=\"async\" width=\"897\" height=\"204\" src=\"https:\/\/radiostudiow.com.br\/site\/wp-content\/uploads\/2023\/06\/image-10.png\" alt=\"\" class=\"wp-image-13307\" srcset=\"https:\/\/radiostudiow.com.br\/site\/wp-content\/uploads\/2023\/06\/image-10.png 897w, https:\/\/radiostudiow.com.br\/site\/wp-content\/uploads\/2023\/06\/image-10-300x68.png 300w, https:\/\/radiostudiow.com.br\/site\/wp-content\/uploads\/2023\/06\/image-10-768x175.png 768w\" sizes=\"auto, (max-width: 897px) 100vw, 897px\" \/><\/figure>\n<\/div>","protected":false},"excerpt":{"rendered":"<p>Assista e acompanhe as informa\u00e7\u00f5es de primeira m\u00e3o no Jornal W Not\u00edcias, o notici\u00e1rio de Mallet e regi\u00e3o &#8211; De Segunda a Sexta, a partir das 20:00 horas &#8211; Apresenta\u00e7\u00e3o Valdir Wladyka<\/p>\n","protected":false},"author":2,"featured_media":13704,"comment_status":"open","ping_status":"open","sticky":false,"template":"","format":"standard","meta":{"footnotes":""},"categories":[7,184],"tags":[172],"class_list":["post-13703","post","type-post","status-publish","format-standard","has-post-thumbnail","hentry","category-geral","category-local","tag-featured"],"amp_enabled":true,"_links":{"self":[{"href":"https:\/\/radiostudiow.com.br\/site\/wp-json\/wp\/v2\/posts\/13703","targetHints":{"allow":["GET"]}}],"collection":[{"href":"https:\/\/radiostudiow.com.br\/site\/wp-json\/wp\/v2\/posts"}],"about":[{"href":"https:\/\/radiostudiow.com.br\/site\/wp-json\/wp\/v2\/types\/post"}],"author":[{"embeddable":true,"href":"https:\/\/radiostudiow.com.br\/site\/wp-json\/wp\/v2\/users\/2"}],"replies":[{"embeddable":true,"href":"https:\/\/radiostudiow.com.br\/site\/wp-json\/wp\/v2\/comments?post=13703"}],"version-history":[{"count":1,"href":"https:\/\/radiostudiow.com.br\/site\/wp-json\/wp\/v2\/posts\/13703\/revisions"}],"predecessor-version":[{"id":13705,"href":"https:\/\/radiostudiow.com.br\/site\/wp-json\/wp\/v2\/posts\/13703\/revisions\/13705"}],"wp:featuredmedia":[{"embeddable":true,"href":"https:\/\/radiostudiow.com.br\/site\/wp-json\/wp\/v2\/media\/13704"}],"wp:attachment":[{"href":"https:\/\/radiostudiow.com.br\/site\/wp-json\/wp\/v2\/media?parent=13703"}],"wp:term":[{"taxonomy":"category","embeddable":true,"href":"https:\/\/radiostudiow.com.br\/site\/wp-json\/wp\/v2\/categories?post=13703"},{"taxonomy":"post_tag","embeddable":true,"href":"https:\/\/radiostudiow.com.br\/site\/wp-json\/wp\/v2\/tags?post=13703"}],"curies":[{"name":"wp","href":"https:\/\/api.w.org\/{rel}","templated":true}]}}