{"id":13708,"date":"2023-07-12T10:01:08","date_gmt":"2023-07-12T13:01:08","guid":{"rendered":"https:\/\/radiostudiow.com.br\/site\/?p=13708"},"modified":"2025-01-31T15:06:41","modified_gmt":"2025-01-31T18:06:41","slug":"suspeito-de-furto-em-estabelecimento-foge-apos-perseguicao-mas-substancias-ilicitas-sao-encontradas-em-uniao-da-vitoria","status":"publish","type":"post","link":"https:\/\/radiostudiow.com.br\/site\/2023\/07\/12\/suspeito-de-furto-em-estabelecimento-foge-apos-perseguicao-mas-substancias-ilicitas-sao-encontradas-em-uniao-da-vitoria\/","title":{"rendered":"Suspeito de furto em estabelecimento foge ap\u00f3s persegui\u00e7\u00e3o, mas subst\u00e2ncias il\u00edcitas s\u00e3o encontradas em Uni\u00e3o da Vit\u00f3ria"},"content":{"rendered":"<div class=\"wp-block-image\">\n<figure class=\"aligncenter size-full\"><img decoding=\"async\" src=\"https:\/\/radiostudiow.com.br\/site\/wp-content\/uploads\/2022\/06\/NUTRI-MALLET.jpg\" alt=\"\" class=\"wp-image-7772\"\/><\/figure>\n<\/div>\n\n\n<p>Na noite da \u00faltima segunda-feira, um caso de furto em um estabelecimento comercial no Bairro Cidade Jardim, em Uni\u00e3o da Vit\u00f3ria, mobilizou a Pol\u00edcia Militar de Uni\u00e3o da Vit\u00f3ria. Segundo informa\u00e7\u00f5es repassadas via COPOM, um indiv\u00edduo adentrou o estabelecimento e furtou diversos produtos, caracterizando o crime.<\/p>\n\n\n\n<p>Ao chegarem ao local, os policiais conversaram com a respons\u00e1vel pelo estabelecimento, que detalhou o ocorrido. De acordo com seu relato, o suspeito teria levado diversos produtos do estabelecimento e fugido.<\/p>\n\n\n\n<p>A propriet\u00e1ria ainda informou que havia imagens captadas pelas c\u00e2meras de seguran\u00e7a internas, as quais foram disponibilizadas \u00e0 equipe policial. Por meio das imagens, foi poss\u00edvel observar as caracter\u00edsticas do autor, sendo ele um indiv\u00edduo conhecido pelas equipes policiais devido \u00e0 pr\u00e1tica de il\u00edcitos penais. Al\u00e9m das vestimentas utilizadas, a c\u00e2mera tamb\u00e9m captou sua face, facilitando sua identifica\u00e7\u00e3o.<\/p>\n\n\n<div class=\"wp-block-image\">\n<figure class=\"aligncenter size-full\"><img loading=\"lazy\" decoding=\"async\" width=\"897\" height=\"204\" src=\"https:\/\/radiostudiow.com.br\/site\/wp-content\/uploads\/2023\/07\/image-10.jpg\" alt=\"\" class=\"wp-image-13707\" srcset=\"https:\/\/radiostudiow.com.br\/site\/wp-content\/uploads\/2023\/07\/image-10.jpg 897w, https:\/\/radiostudiow.com.br\/site\/wp-content\/uploads\/2023\/07\/image-10-300x68.jpg 300w, https:\/\/radiostudiow.com.br\/site\/wp-content\/uploads\/2023\/07\/image-10-768x175.jpg 768w\" sizes=\"auto, (max-width: 897px) 100vw, 897px\" \/><\/figure>\n<\/div>\n\n\n<p>Com base nessas informa\u00e7\u00f5es, os policiais realizaram buscas nas imedia\u00e7\u00f5es e, ao passarem por uma casa abandonada pr\u00f3xima, avistaram o suspeito no p\u00e1tio do im\u00f3vel. Ao perceber a presen\u00e7a da viatura, o indiv\u00edduo fugiu adentrando a resid\u00eancia abandonada, dando in\u00edcio a uma persegui\u00e7\u00e3o a p\u00e9 pelos policiais. No entanto, n\u00e3o tiveram sucesso na abordagem, apesar de terem localizado alguns objetos furtados dentro do local.<\/p>\n\n\n\n<p>Durante as buscas no terreno, tamb\u00e9m foram encontradas, sobre alguns escombros, 0,6 gramas de uma subst\u00e2ncia an\u00e1loga ao crack, divididas em seis por\u00e7\u00f5es, al\u00e9m de 5,3 gramas de uma subst\u00e2ncia an\u00e1loga \u00e0 maconha. Al\u00e9m disso, diversos cart\u00f5es banc\u00e1rios em nome de terceiros, sem rela\u00e7\u00e3o aparente com o suposto autor do crime, foram localizados e encaminhados \u00e0 delegacia.<\/p>\n\n\n\n<p>Vale ressaltar que o suspeito \u00e9 apontado como o respons\u00e1vel por um furto ocorrido no mesmo estabelecimento no dia 08 de julho de 2023, s\u00e1bado passado, tendo em vista sua identifica\u00e7\u00e3o nas imagens das c\u00e2meras de seguran\u00e7a.<\/p>\n\n\n\n<p>Os objetos recuperados do furto, assim como as subst\u00e2ncias il\u00edcitas e os cart\u00f5es banc\u00e1rios, foram conduzidos ao 4\u00ba SDP para as provid\u00eancias cab\u00edveis.<\/p>\n\n\n<div class=\"wp-block-image\">\n<figure class=\"aligncenter size-full\"><img decoding=\"async\" src=\"https:\/\/radiostudiow.com.br\/site\/wp-content\/uploads\/2022\/06\/vem_ai.jpg\" alt=\"\" class=\"wp-image-7789\"\/><\/figure>\n<\/div>","protected":false},"excerpt":{"rendered":"<p>Na noite da \u00faltima segunda-feira, um caso de furto em um estabelecimento comercial no Bairro Cidade Jardim, em Uni\u00e3o da Vit\u00f3ria, mobilizou a Pol\u00edcia Militar de Uni\u00e3o da Vit\u00f3ria. Segundo informa\u00e7\u00f5es repassadas via COPOM, um indiv\u00edduo adentrou o estabelecimento e furtou diversos produtos, caracterizando o crime. Ao chegarem ao local, os policiais conversaram com a [&hellip;]<\/p>\n","protected":false},"author":2,"featured_media":13709,"comment_status":"open","ping_status":"open","sticky":false,"template":"","format":"standard","meta":{"footnotes":""},"categories":[2,185],"tags":[172],"class_list":["post-13708","post","type-post","status-publish","format-standard","has-post-thumbnail","hentry","category-policial","category-regional","tag-featured"],"amp_enabled":true,"_links":{"self":[{"href":"https:\/\/radiostudiow.com.br\/site\/wp-json\/wp\/v2\/posts\/13708","targetHints":{"allow":["GET"]}}],"collection":[{"href":"https:\/\/radiostudiow.com.br\/site\/wp-json\/wp\/v2\/posts"}],"about":[{"href":"https:\/\/radiostudiow.com.br\/site\/wp-json\/wp\/v2\/types\/post"}],"author":[{"embeddable":true,"href":"https:\/\/radiostudiow.com.br\/site\/wp-json\/wp\/v2\/users\/2"}],"replies":[{"embeddable":true,"href":"https:\/\/radiostudiow.com.br\/site\/wp-json\/wp\/v2\/comments?post=13708"}],"version-history":[{"count":3,"href":"https:\/\/radiostudiow.com.br\/site\/wp-json\/wp\/v2\/posts\/13708\/revisions"}],"predecessor-version":[{"id":13732,"href":"https:\/\/radiostudiow.com.br\/site\/wp-json\/wp\/v2\/posts\/13708\/revisions\/13732"}],"wp:featuredmedia":[{"embeddable":true,"href":"https:\/\/radiostudiow.com.br\/site\/wp-json\/wp\/v2\/media\/13709"}],"wp:attachment":[{"href":"https:\/\/radiostudiow.com.br\/site\/wp-json\/wp\/v2\/media?parent=13708"}],"wp:term":[{"taxonomy":"category","embeddable":true,"href":"https:\/\/radiostudiow.com.br\/site\/wp-json\/wp\/v2\/categories?post=13708"},{"taxonomy":"post_tag","embeddable":true,"href":"https:\/\/radiostudiow.com.br\/site\/wp-json\/wp\/v2\/tags?post=13708"}],"curies":[{"name":"wp","href":"https:\/\/api.w.org\/{rel}","templated":true}]}}