{"id":13712,"date":"2023-07-12T10:05:41","date_gmt":"2023-07-12T13:05:41","guid":{"rendered":"https:\/\/radiostudiow.com.br\/site\/?p=13712"},"modified":"2025-01-31T15:06:41","modified_gmt":"2025-01-31T18:06:41","slug":"pm-apreende-veiculo-furtado-com-516-quilos-de-maconha-em-fernandes-pinheiro","status":"publish","type":"post","link":"https:\/\/radiostudiow.com.br\/site\/2023\/07\/12\/pm-apreende-veiculo-furtado-com-516-quilos-de-maconha-em-fernandes-pinheiro\/","title":{"rendered":"PM apreende ve\u00edculo furtado com 516 quilos de maconha em Fernandes Pinheiro"},"content":{"rendered":"\n<figure class=\"wp-block-image size-large\"><img decoding=\"async\" src=\"https:\/\/radiostudiow.com.br\/site\/wp-content\/uploads\/2023\/05\/image-8-1024x392.png\" alt=\"\" class=\"wp-image-12937\"\/><\/figure>\n\n\n\n<p>Ap\u00f3s den\u00fancia an\u00f4nima \u00e0 Central 190 da 8\u00aa CIPM, a equipe policial se deslocou para uma estrada rural pr\u00f3xima \u00e0 BR-277, em Fernandes Pinheiro, onde localizou uma camionete Hilux, cor branca, placas Mercosul do Paraguai, com a frente danificada e parada na via.<\/p>\n\n\n\n<p>Um homem suspeito estava nas proximidades. Na abordagem, ele foi identificado como sendo de nacionalidade paraguaia. Durante consulta do chassi foi identificado que o ve\u00edculo havia sido furtado em Balne\u00e1rio Cambori\u00fa \u2013 SC, no \u00faltimo dia 4 de julho.<\/p>\n\n\n\n<figure class=\"wp-block-image size-full\"><img loading=\"lazy\" decoding=\"async\" width=\"897\" height=\"204\" src=\"https:\/\/radiostudiow.com.br\/site\/wp-content\/uploads\/2023\/07\/image-10.jpg\" alt=\"\" class=\"wp-image-13707\" srcset=\"https:\/\/radiostudiow.com.br\/site\/wp-content\/uploads\/2023\/07\/image-10.jpg 897w, https:\/\/radiostudiow.com.br\/site\/wp-content\/uploads\/2023\/07\/image-10-300x68.jpg 300w, https:\/\/radiostudiow.com.br\/site\/wp-content\/uploads\/2023\/07\/image-10-768x175.jpg 768w\" sizes=\"auto, (max-width: 897px) 100vw, 897px\" \/><\/figure>\n\n\n\n<p>Durante buscas pela \u00e1rea de mata pr\u00f3xima ao ve\u00edculo foram encontrados diversos fardos e tabletes de maconha, que juntos pesaram 516 quilos do entorpecente.<\/p>\n\n\n\n<p>A equipe da Pol\u00edcia Rodovi\u00e1ria Federal, da Unidade Operacional de Irati, esteve presente na a\u00e7\u00e3o contribuindo com a a\u00e7\u00e3o desenvolvida pela Pol\u00edcia Militar.<\/p>\n\n\n\n<p>Suspeito, ve\u00edculo e drogas foram encaminhados \u00e0 Delegacia de Pol\u00edcia Civil de Teixeira Soares para os demais procedimentos.<\/p>\n\n\n<div class=\"wp-block-image\">\n<figure class=\"aligncenter size-full\"><img decoding=\"async\" src=\"https:\/\/radiostudiow.com.br\/site\/wp-content\/uploads\/2023\/05\/SITE-MEDIO.png\" alt=\"\" class=\"wp-image-12661\"\/><\/figure>\n<\/div>","protected":false},"excerpt":{"rendered":"<p>Ap\u00f3s den\u00fancia an\u00f4nima \u00e0 Central 190 da 8\u00aa CIPM, a equipe policial se deslocou para uma estrada rural pr\u00f3xima \u00e0 BR-277, em Fernandes Pinheiro, onde localizou uma camionete Hilux, cor branca, placas Mercosul do Paraguai, com a frente danificada e parada na via. Um homem suspeito estava nas proximidades. Na abordagem, ele foi identificado como [&hellip;]<\/p>\n","protected":false},"author":2,"featured_media":13713,"comment_status":"open","ping_status":"open","sticky":false,"template":"","format":"standard","meta":{"footnotes":""},"categories":[2,185],"tags":[172],"class_list":["post-13712","post","type-post","status-publish","format-standard","has-post-thumbnail","hentry","category-policial","category-regional","tag-featured"],"amp_enabled":true,"_links":{"self":[{"href":"https:\/\/radiostudiow.com.br\/site\/wp-json\/wp\/v2\/posts\/13712","targetHints":{"allow":["GET"]}}],"collection":[{"href":"https:\/\/radiostudiow.com.br\/site\/wp-json\/wp\/v2\/posts"}],"about":[{"href":"https:\/\/radiostudiow.com.br\/site\/wp-json\/wp\/v2\/types\/post"}],"author":[{"embeddable":true,"href":"https:\/\/radiostudiow.com.br\/site\/wp-json\/wp\/v2\/users\/2"}],"replies":[{"embeddable":true,"href":"https:\/\/radiostudiow.com.br\/site\/wp-json\/wp\/v2\/comments?post=13712"}],"version-history":[{"count":1,"href":"https:\/\/radiostudiow.com.br\/site\/wp-json\/wp\/v2\/posts\/13712\/revisions"}],"predecessor-version":[{"id":13714,"href":"https:\/\/radiostudiow.com.br\/site\/wp-json\/wp\/v2\/posts\/13712\/revisions\/13714"}],"wp:featuredmedia":[{"embeddable":true,"href":"https:\/\/radiostudiow.com.br\/site\/wp-json\/wp\/v2\/media\/13713"}],"wp:attachment":[{"href":"https:\/\/radiostudiow.com.br\/site\/wp-json\/wp\/v2\/media?parent=13712"}],"wp:term":[{"taxonomy":"category","embeddable":true,"href":"https:\/\/radiostudiow.com.br\/site\/wp-json\/wp\/v2\/categories?post=13712"},{"taxonomy":"post_tag","embeddable":true,"href":"https:\/\/radiostudiow.com.br\/site\/wp-json\/wp\/v2\/tags?post=13712"}],"curies":[{"name":"wp","href":"https:\/\/api.w.org\/{rel}","templated":true}]}}